
{"id":24881,"date":"2020-08-15T17:10:05","date_gmt":"2020-08-15T17:10:05","guid":{"rendered":"https:\/\/www.lejournalduforkane.com\/?p=24881"},"modified":"2020-08-20T08:40:07","modified_gmt":"2020-08-20T08:40:07","slug":"hariri-ou-leloge-de-la-lachete-2","status":"publish","type":"post","link":"https:\/\/www.lejournalduforkane.com\/index.php\/hariri-ou-leloge-de-la-lachete-2\/","title":{"rendered":"Hariri ou l\u2019\u00e9loge de la l\u00e2chet\u00e9 (2)"},"content":{"rendered":"<p style=\"text-align: justify;\"><!--more--><br \/>\nDans son intervention t\u00e9l\u00e9vis\u00e9e, Hariri parle de \u00ab\u00a0choc positif\u00a0\u00bb en d\u00e9missionnant. Il tient beaucoup au \u00ab\u00a0principe de neutralit\u00e9\u00a0\u00bb. Ce qui \u00e9vite d\u2019\u00eatre attaqu\u00e9 par une puissance r\u00e9gionale et d\u2019entrer en dans les affaires des pays de la r\u00e9gion : il donne l\u2019exemple du Y\u00e9men o\u00f9 le Hezbollah critique l\u2019Arabie.\u00a0<img loading=\"lazy\" class=\"wp-image-24882 alignright\" src=\"https:\/\/www.lejournalduforkane.com\/wp-content\/uploads\/2020\/06\/Hariri-ou-l\u2019\u00e9loge-de-la-l\u00e2chet\u00e9-2.jpg\" alt=\"Hariri ou l\u2019\u00e9loge de la l\u00e2chet\u00e9 2\" width=\"347\" height=\"185\" srcset=\"https:\/\/www.lejournalduforkane.com\/wp-content\/uploads\/2020\/06\/Hariri-ou-l\u2019\u00e9loge-de-la-l\u00e2chet\u00e9-2.jpg 1200w, https:\/\/www.lejournalduforkane.com\/wp-content\/uploads\/2020\/06\/Hariri-ou-l\u2019\u00e9loge-de-la-l\u00e2chet\u00e9-2-300x160.jpg 300w, https:\/\/www.lejournalduforkane.com\/wp-content\/uploads\/2020\/06\/Hariri-ou-l\u2019\u00e9loge-de-la-l\u00e2chet\u00e9-2-768x410.jpg 768w, https:\/\/www.lejournalduforkane.com\/wp-content\/uploads\/2020\/06\/Hariri-ou-l\u2019\u00e9loge-de-la-l\u00e2chet\u00e9-2-1024x546.jpg 1024w\" sizes=\"(max-width: 347px) 100vw, 347px\" \/><\/p>\n<p style=\"text-align: justify;\">Ce qu\u2019il ne comprend pas et ce qu\u2019il faut craindre, ce n\u2019est pas l\u2019attaque d\u2019un pays mais les groupes terroristes organis\u00e9s qui auraient bien vite balay\u00e9s le Liban. Mais c\u2019est la vil\u00e9nie et la bassesse d\u2019un homme sans dignit\u00e9 qui \u00e9mergent bien vite. Hariri affirme \u00e0 2 reprises dans son discours que l\u2019Arabie est \u00e0 l\u2019origine de la victoire de 2006 contre Isra\u00ebl.<\/p>\n<p style=\"text-align: justify;\">Avec la vacance du pouvoir, le but est clair : les saoudiens ont demand\u00e9 \u00e0 Isra\u00ebl de frapper le Liban, seul le Hezbollah en sera tenu pour responsable pour n\u2019avoir pas su prot\u00e9ger le pays entier. Il pr\u00e9tend que les Libanais sont menac\u00e9s partout dans le Golfe, et le Liban doit craindre des saoudiens des sanctions \u00e9conomiques comme le Qatar. Hariri se trompe. C\u2019est ce genre de comportement l\u00e2che qui suscite les ennemis et la convoitise. Le Liban au Moyen-Orient, n\u2019est pas la Suisse en Europe.<\/p>\n<p style=\"text-align: center;\"><strong>L\u2019Arabie sera dans la ligne de mire d\u2019Al-Mahdi avec un ch\u00e2timent douloureux.<\/strong><\/p>\n","protected":false},"excerpt":{"rendered":"Dans son intervention t\u00e9l\u00e9vis\u00e9e, Hariri parle de \"choc positif\" en d\u00e9missionnant. Il tient beaucoup au \"principe de neutralit\u00e9\". Ce qui \u00e9vite d\u2019\u00eatre attaqu\u00e9 par une puissance r\u00e9gionale et d\u2019entrer en","protected":false},"author":2,"featured_media":0,"comment_status":"closed","ping_status":"open","sticky":false,"template":"","format":"standard","meta":[],"categories":[],"tags":[],"_links":{"self":[{"href":"https:\/\/www.lejournalduforkane.com\/index.php\/wp-json\/wp\/v2\/posts\/24881"}],"collection":[{"href":"https:\/\/www.lejournalduforkane.com\/index.php\/wp-json\/wp\/v2\/posts"}],"about":[{"href":"https:\/\/www.lejournalduforkane.com\/index.php\/wp-json\/wp\/v2\/types\/post"}],"author":[{"embeddable":true,"href":"https:\/\/www.lejournalduforkane.com\/index.php\/wp-json\/wp\/v2\/users\/2"}],"replies":[{"embeddable":true,"href":"https:\/\/www.lejournalduforkane.com\/index.php\/wp-json\/wp\/v2\/comments?post=24881"}],"version-history":[{"count":1,"href":"https:\/\/www.lejournalduforkane.com\/index.php\/wp-json\/wp\/v2\/posts\/24881\/revisions"}],"predecessor-version":[{"id":24883,"href":"https:\/\/www.lejournalduforkane.com\/index.php\/wp-json\/wp\/v2\/posts\/24881\/revisions\/24883"}],"wp:attachment":[{"href":"https:\/\/www.lejournalduforkane.com\/index.php\/wp-json\/wp\/v2\/media?parent=24881"}],"wp:term":[{"taxonomy":"category","embeddable":true,"href":"https:\/\/www.lejournalduforkane.com\/index.php\/wp-json\/wp\/v2\/categories?post=24881"},{"taxonomy":"post_tag","embeddable":true,"href":"https:\/\/www.lejournalduforkane.com\/index.php\/wp-json\/wp\/v2\/tags?post=24881"}],"curies":[{"name":"wp","href":"https:\/\/api.w.org\/{rel}","templated":true}]}}