
{"id":24884,"date":"2020-06-28T18:06:22","date_gmt":"2020-06-28T18:06:22","guid":{"rendered":"https:\/\/www.lejournalduforkane.com\/?p=24884"},"modified":"2020-06-28T18:06:22","modified_gmt":"2020-06-28T18:06:22","slug":"video-manifestations-a-paris-contre-les-plans-dannexion-disrael","status":"publish","type":"post","link":"https:\/\/www.lejournalduforkane.com\/index.php\/video-manifestations-a-paris-contre-les-plans-dannexion-disrael\/","title":{"rendered":"Vid\u00e9o | Manifestations \u00e0 Paris contre les plans d&rsquo;annexion d&rsquo;Isra\u00ebl"},"content":{"rendered":"<p><!--more--><\/p>\n<div class=\"kvgmc6g5 cxmmr5t8 oygrvhab hcukyx3x c1et5uql ii04i59q\">\n<div dir=\"auto\" style=\"text-align: justify;\">Samedi, des centaines de manifestants fran\u00e7ais ont d\u00e9fil\u00e9 \u00e0 Paris contre les plans d&rsquo;annexion isra\u00e9lienne de la Cisjordanie.<\/div>\n<div dir=\"auto\" style=\"text-align: justify;\"><\/div>\n<\/div>\n<div class=\"o9v6fnle cxmmr5t8 oygrvhab hcukyx3x c1et5uql ii04i59q\" style=\"text-align: justify;\">\n<div dir=\"auto\">Les manifestants, qui ont march\u00e9 du boulevard Barb\u00e8s \u00e0 la place de la Nation, ont brandi les drapeaux de la Palestine ainsi que des pancartes indiquant \u00abPalestine libre\u00bb et \u00abLev\u00e9e imm\u00e9diate du blocus de Gaza\u00bb.<\/div>\n<\/div>\n<div class=\"o9v6fnle cxmmr5t8 oygrvhab hcukyx3x c1et5uql ii04i59q\" style=\"text-align: justify;\">\n<div dir=\"auto\">Ils arboraient \u00e9galement des pancartes indiquant \u00abArr\u00eatez l&rsquo;annexion, la Palestine vaincra\u00bb et \u00abLa Palestine vivra, la Palestine vaincra\u00bb.<\/div>\n<div dir=\"auto\"><\/div>\n<\/div>\n<div class=\"o9v6fnle cxmmr5t8 oygrvhab hcukyx3x c1et5uql ii04i59q\" style=\"text-align: justify;\">\n<div dir=\"auto\">L&rsquo;\u00c9tat d&rsquo;occupation a annonc\u00e9 qu&rsquo;il allait commencer \u00e0 annexer de vastes zones de Cisjordanie, enfermant des milliers de Palestiniens dans de petits cantons contr\u00f4l\u00e9s par l&rsquo;arm\u00e9e isra\u00e9lienne et les emp\u00eachant de jouir de leurs droits humains fondamentaux comme le droit de circuler et le droit \u00e0 la croissance naturelle.<\/div>\n<div dir=\"auto\"><\/div>\n<\/div>\n<div class=\"o9v6fnle cxmmr5t8 oygrvhab hcukyx3x c1et5uql ii04i59q\">\n<div dir=\"auto\" style=\"text-align: justify;\">Les plans d&rsquo;annexion ont d&rsquo;abord \u00e9t\u00e9 propos\u00e9s par l&rsquo;administration am\u00e9ricaine dans le plan de Trump, qui n&rsquo;a m\u00eame pas \u00e9t\u00e9 discut\u00e9 avec les dirigeants palestiniens. Les Isra\u00e9liens ont annonc\u00e9 qu\u2019ils commenceraient unilat\u00e9ralement \u00e0 mettre en \u0153uvre le plan de Trump, qui a \u00e9t\u00e9 d\u00e9crit comme \u00e9tant compl\u00e8tement partisan d\u2019Isra\u00ebl.<\/div>\n<\/div>\n<div style=\"width: 1280px;\" class=\"wp-video\"><!--[if lt IE 9]><script>document.createElement('video');<\/script><![endif]-->\n<video class=\"wp-video-shortcode\" id=\"video-24884-1\" width=\"1280\" height=\"720\" preload=\"metadata\" controls=\"controls\"><source type=\"video\/mp4\" src=\"https:\/\/www.lejournalduforkane.com\/wp-content\/uploads\/2020\/06\/10000000_675331713022998_914927992870677639_n.mp4?_=1\" \/><a href=\"https:\/\/www.lejournalduforkane.com\/wp-content\/uploads\/2020\/06\/10000000_675331713022998_914927992870677639_n.mp4\">https:\/\/www.lejournalduforkane.com\/wp-content\/uploads\/2020\/06\/10000000_675331713022998_914927992870677639_n.mp4<\/a><\/video><\/div>\n<p><img loading=\"lazy\" class=\"alignnone size-full wp-image-24886\" src=\"https:\/\/www.lejournalduforkane.com\/wp-content\/uploads\/2020\/06\/Manifestations-\u00e0-Paris-contre-les-plans-dannexion-dIsra\u00ebl.jpg\" alt=\"Manifestations \u00e0 Paris contre les plans d'annexion d'Isra\u00ebl\" width=\"503\" height=\"282\" srcset=\"https:\/\/www.lejournalduforkane.com\/wp-content\/uploads\/2020\/06\/Manifestations-\u00e0-Paris-contre-les-plans-dannexion-dIsra\u00ebl.jpg 503w, https:\/\/www.lejournalduforkane.com\/wp-content\/uploads\/2020\/06\/Manifestations-\u00e0-Paris-contre-les-plans-dannexion-dIsra\u00ebl-300x168.jpg 300w\" sizes=\"(max-width: 503px) 100vw, 503px\" \/><\/p>\n<p>&nbsp;<\/p>\n","protected":false},"excerpt":{"rendered":"Samedi, des centaines de manifestants fran\u00e7ais ont d\u00e9fil\u00e9 \u00e0 Paris contre les plans d'annexion isra\u00e9lienne de la Cisjordanie. Les manifestants, qui ont march\u00e9 du boulevard Barb\u00e8s \u00e0 la place de","protected":false},"author":2,"featured_media":0,"comment_status":"closed","ping_status":"open","sticky":false,"template":"","format":"standard","meta":[],"categories":[],"tags":[],"_links":{"self":[{"href":"https:\/\/www.lejournalduforkane.com\/index.php\/wp-json\/wp\/v2\/posts\/24884"}],"collection":[{"href":"https:\/\/www.lejournalduforkane.com\/index.php\/wp-json\/wp\/v2\/posts"}],"about":[{"href":"https:\/\/www.lejournalduforkane.com\/index.php\/wp-json\/wp\/v2\/types\/post"}],"author":[{"embeddable":true,"href":"https:\/\/www.lejournalduforkane.com\/index.php\/wp-json\/wp\/v2\/users\/2"}],"replies":[{"embeddable":true,"href":"https:\/\/www.lejournalduforkane.com\/index.php\/wp-json\/wp\/v2\/comments?post=24884"}],"version-history":[{"count":1,"href":"https:\/\/www.lejournalduforkane.com\/index.php\/wp-json\/wp\/v2\/posts\/24884\/revisions"}],"predecessor-version":[{"id":24887,"href":"https:\/\/www.lejournalduforkane.com\/index.php\/wp-json\/wp\/v2\/posts\/24884\/revisions\/24887"}],"wp:attachment":[{"href":"https:\/\/www.lejournalduforkane.com\/index.php\/wp-json\/wp\/v2\/media?parent=24884"}],"wp:term":[{"taxonomy":"category","embeddable":true,"href":"https:\/\/www.lejournalduforkane.com\/index.php\/wp-json\/wp\/v2\/categories?post=24884"},{"taxonomy":"post_tag","embeddable":true,"href":"https:\/\/www.lejournalduforkane.com\/index.php\/wp-json\/wp\/v2\/tags?post=24884"}],"curies":[{"name":"wp","href":"https:\/\/api.w.org\/{rel}","templated":true}]}}