
{"id":24894,"date":"2020-06-30T18:20:09","date_gmt":"2020-06-30T18:20:09","guid":{"rendered":"https:\/\/www.lejournalduforkane.com\/?p=24894"},"modified":"2020-06-30T18:20:09","modified_gmt":"2020-06-30T18:20:09","slug":"video-bruxelles-les-militants-pro-palestine-ont-manifeste-en-solidarite-avec-le-peuple-palestinien-et-contre-les-plans-dannexion-israeliens","status":"publish","type":"post","link":"https:\/\/www.lejournalduforkane.com\/index.php\/video-bruxelles-les-militants-pro-palestine-ont-manifeste-en-solidarite-avec-le-peuple-palestinien-et-contre-les-plans-dannexion-israeliens\/","title":{"rendered":"Vid\u00e9o : Bruxelles &#8211; Les militants pro-Palestine ont manifest\u00e9 en solidarit\u00e9 avec le peuple palestinien et contre les plans d&rsquo;annexion isra\u00e9liens"},"content":{"rendered":"<p><!--more--><\/p>\n<div style=\"width: 368px;\" class=\"wp-video\"><!--[if lt IE 9]><script>document.createElement('video');<\/script><![endif]-->\n<video class=\"wp-video-shortcode\" id=\"video-24894-1\" width=\"368\" height=\"640\" preload=\"metadata\" controls=\"controls\"><source type=\"video\/mp4\" src=\"https:\/\/www.lejournalduforkane.com\/wp-content\/uploads\/2020\/06\/10000000_138225427897244_7522990860679035286_n.mp4?_=1\" \/><a href=\"https:\/\/www.lejournalduforkane.com\/wp-content\/uploads\/2020\/06\/10000000_138225427897244_7522990860679035286_n.mp4\">https:\/\/www.lejournalduforkane.com\/wp-content\/uploads\/2020\/06\/10000000_138225427897244_7522990860679035286_n.mp4<\/a><\/video><\/div>\n<p><img loading=\"lazy\" class=\"alignnone size-full wp-image-24896\" src=\"https:\/\/www.lejournalduforkane.com\/wp-content\/uploads\/2020\/06\/Les-militants-pro-Palestine-ont-manifest\u00e9-en-solidarit\u00e9-avec-le-peuple-palestinien-et-contre-les-plans-dannexion-isra\u00e9liens..jpg\" alt=\"Les militants pro-Palestine ont manifest\u00e9 en solidarit\u00e9 avec le peuple palestinien et contre les plans d'annexion isra\u00e9liens.\" width=\"499\" height=\"429\" srcset=\"https:\/\/www.lejournalduforkane.com\/wp-content\/uploads\/2020\/06\/Les-militants-pro-Palestine-ont-manifest\u00e9-en-solidarit\u00e9-avec-le-peuple-palestinien-et-contre-les-plans-dannexion-isra\u00e9liens..jpg 499w, https:\/\/www.lejournalduforkane.com\/wp-content\/uploads\/2020\/06\/Les-militants-pro-Palestine-ont-manifest\u00e9-en-solidarit\u00e9-avec-le-peuple-palestinien-et-contre-les-plans-dannexion-isra\u00e9liens.-300x258.jpg 300w\" sizes=\"(max-width: 499px) 100vw, 499px\" \/><\/p>\n","protected":false},"excerpt":{"rendered":"[video width=\"368\" height=\"640\" mp4=\"https:\/\/www.lejournalduforkane.com\/wp-content\/uploads\/2020\/06\/10000000_138225427897244_7522990860679035286_n.mp4\"][\/video]","protected":false},"author":2,"featured_media":0,"comment_status":"closed","ping_status":"open","sticky":false,"template":"","format":"standard","meta":[],"categories":[],"tags":[],"_links":{"self":[{"href":"https:\/\/www.lejournalduforkane.com\/index.php\/wp-json\/wp\/v2\/posts\/24894"}],"collection":[{"href":"https:\/\/www.lejournalduforkane.com\/index.php\/wp-json\/wp\/v2\/posts"}],"about":[{"href":"https:\/\/www.lejournalduforkane.com\/index.php\/wp-json\/wp\/v2\/types\/post"}],"author":[{"embeddable":true,"href":"https:\/\/www.lejournalduforkane.com\/index.php\/wp-json\/wp\/v2\/users\/2"}],"replies":[{"embeddable":true,"href":"https:\/\/www.lejournalduforkane.com\/index.php\/wp-json\/wp\/v2\/comments?post=24894"}],"version-history":[{"count":1,"href":"https:\/\/www.lejournalduforkane.com\/index.php\/wp-json\/wp\/v2\/posts\/24894\/revisions"}],"predecessor-version":[{"id":24897,"href":"https:\/\/www.lejournalduforkane.com\/index.php\/wp-json\/wp\/v2\/posts\/24894\/revisions\/24897"}],"wp:attachment":[{"href":"https:\/\/www.lejournalduforkane.com\/index.php\/wp-json\/wp\/v2\/media?parent=24894"}],"wp:term":[{"taxonomy":"category","embeddable":true,"href":"https:\/\/www.lejournalduforkane.com\/index.php\/wp-json\/wp\/v2\/categories?post=24894"},{"taxonomy":"post_tag","embeddable":true,"href":"https:\/\/www.lejournalduforkane.com\/index.php\/wp-json\/wp\/v2\/tags?post=24894"}],"curies":[{"name":"wp","href":"https:\/\/api.w.org\/{rel}","templated":true}]}}