
{"id":24898,"date":"2020-06-30T18:28:01","date_gmt":"2020-06-30T18:28:01","guid":{"rendered":"https:\/\/www.lejournalduforkane.com\/?p=24898"},"modified":"2020-06-30T18:28:01","modified_gmt":"2020-06-30T18:28:01","slug":"fierte-des-palestiniens-et-vilenie-du-golfe-2","status":"publish","type":"post","link":"https:\/\/www.lejournalduforkane.com\/index.php\/fierte-des-palestiniens-et-vilenie-du-golfe-2\/","title":{"rendered":"Fiert\u00e9 des Palestiniens et vilenie du Golfe"},"content":{"rendered":"<p style=\"text-align: justify;\"><!--more-->Au Bahre\u00efn, il y a un petit roi vil et mesquin. \u00c2me esclave \u00e0 en mourir avec l\u2019ancien colonisateur anglais qui ne lui demande rien. Jugez-en par vous-m\u00eame.\u00a0<img loading=\"lazy\" class=\"size-full wp-image-24899 alignright\" src=\"https:\/\/www.lejournalduforkane.com\/wp-content\/uploads\/2020\/06\/Fiert\u00e9-des-Palestiniens-et-vil\u00e9nie-du-Golfe.jpg\" alt=\"Fiert\u00e9 des Palestiniens et vil\u00e9nie du Golfe\" width=\"349\" height=\"243\" srcset=\"https:\/\/www.lejournalduforkane.com\/wp-content\/uploads\/2020\/06\/Fiert\u00e9-des-Palestiniens-et-vil\u00e9nie-du-Golfe.jpg 349w, https:\/\/www.lejournalduforkane.com\/wp-content\/uploads\/2020\/06\/Fiert\u00e9-des-Palestiniens-et-vil\u00e9nie-du-Golfe-300x209.jpg 300w\" sizes=\"(max-width: 349px) 100vw, 349px\" \/><\/p>\n<p style=\"text-align: justify;\">Il pr\u00e9tend que les arabes sont responsables du conflit larv\u00e9 arabo-isra\u00e9lien (ils n\u2019ont pas su s\u2019y prendre) et offre un diamant inestimable \u00e0 une dame de la haute soci\u00e9t\u00e9 anglaise.<\/p>\n<p style=\"text-align: justify;\">Au moment o\u00f9 Trump veut faire passer l\u2019ambassade US de Tel-Aviv \u00e0 J\u00e9rusalem, le petit roi voit une occasion de s\u2019humilier davantage en envoyant un groupe de visiteurs \u00e0 J\u00e9rusalem\u00a0: peu importe \u00e0 qui appartient cette ville sainte, elle est ouverte \u00e0 tous les cultes.<\/p>\n<p style=\"text-align: justify;\">C\u2019est la trahison qui confirme la sous-humanit\u00e9 des membres du Conseil de coop\u00e9ration du Golfe persique (CCGP). Pendant ce temps, des dizaines de jeune palestiniens meurent \u00e0 Gaza avec pour seule armes pour l\u2019instant, des pierres.<\/p>\n<p style=\"text-align: center;\"><strong>Al-Mahdi entrera en Palestine et tous lui seront soumis \u00e0 commencer par les tyrans et les criminels de la Terre<\/strong><\/p>\n","protected":false},"excerpt":{"rendered":"Au Bahre\u00efn, il y a un petit roi vil et mesquin. \u00c2me esclave \u00e0 en mourir avec l\u2019ancien colonisateur anglais qui ne lui demande rien. Jugez-en par vous-m\u00eame.\u00a0 Il pr\u00e9tend","protected":false},"author":2,"featured_media":0,"comment_status":"closed","ping_status":"open","sticky":false,"template":"","format":"standard","meta":[],"categories":[],"tags":[],"_links":{"self":[{"href":"https:\/\/www.lejournalduforkane.com\/index.php\/wp-json\/wp\/v2\/posts\/24898"}],"collection":[{"href":"https:\/\/www.lejournalduforkane.com\/index.php\/wp-json\/wp\/v2\/posts"}],"about":[{"href":"https:\/\/www.lejournalduforkane.com\/index.php\/wp-json\/wp\/v2\/types\/post"}],"author":[{"embeddable":true,"href":"https:\/\/www.lejournalduforkane.com\/index.php\/wp-json\/wp\/v2\/users\/2"}],"replies":[{"embeddable":true,"href":"https:\/\/www.lejournalduforkane.com\/index.php\/wp-json\/wp\/v2\/comments?post=24898"}],"version-history":[{"count":2,"href":"https:\/\/www.lejournalduforkane.com\/index.php\/wp-json\/wp\/v2\/posts\/24898\/revisions"}],"predecessor-version":[{"id":24901,"href":"https:\/\/www.lejournalduforkane.com\/index.php\/wp-json\/wp\/v2\/posts\/24898\/revisions\/24901"}],"wp:attachment":[{"href":"https:\/\/www.lejournalduforkane.com\/index.php\/wp-json\/wp\/v2\/media?parent=24898"}],"wp:term":[{"taxonomy":"category","embeddable":true,"href":"https:\/\/www.lejournalduforkane.com\/index.php\/wp-json\/wp\/v2\/categories?post=24898"},{"taxonomy":"post_tag","embeddable":true,"href":"https:\/\/www.lejournalduforkane.com\/index.php\/wp-json\/wp\/v2\/tags?post=24898"}],"curies":[{"name":"wp","href":"https:\/\/api.w.org\/{rel}","templated":true}]}}