
{"id":2490,"date":"2016-12-28T12:30:24","date_gmt":"2016-12-28T12:30:24","guid":{"rendered":"https:\/\/www.lejournalduforkane.com\/?p=2490"},"modified":"2016-12-28T19:47:20","modified_gmt":"2016-12-28T19:47:20","slug":"coexistence-necessaire-pacifique-des-chretiens-et-des-musulmans-3","status":"publish","type":"post","link":"https:\/\/www.lejournalduforkane.com\/index.php\/coexistence-necessaire-pacifique-des-chretiens-et-des-musulmans-3\/","title":{"rendered":"La coexistence n\u00e9cessaire pacifique des Chr\u00e9tiens et des Musulmans (3)"},"content":{"rendered":"<p style=\"text-align: justify;\">Les Musulmans et les Chr\u00e9tiens sont les victimes historiques des men\u00e9es secr\u00e8tes des sionistes.<!--more--><a href=\"http:\/\/158.255.2.50\/wp-content\/uploads\/2013\/09\/chr.mus_.jpg\"><img loading=\"lazy\" class=\"wp-image-2491 alignright\" title=\"chr.mus\" src=\"http:\/\/158.255.2.50\/wp-content\/uploads\/2013\/09\/chr.mus_-150x150.jpg\" alt=\"\" width=\"150\" height=\"150\" \/><\/a> C\u2019est pour cela que par leurs agents esclaves, les sionistes ont provoqu\u00e9s des attaques contre les Musulmans, en Occident et contre les Chr\u00e9tiens en Orient. C\u2019est pour les Musulmans et les Chr\u00e9tiens ont un int\u00e9r\u00eat supr\u00eame \u00e0 \u00eatre vigilants, \u00e0 ne pas r\u00e9it\u00e9rer les erreurs du pass\u00e9 \u00e0 cause de dirigeants incomp\u00e9tents comme les tenants de la \u00ab\u00a0guerre sainte\u00a0\u00bb ou des croisades.<\/p>\n<p style=\"text-align: justify;\">Musulmans et Chr\u00e9tiens doivent inventer un syst\u00e8me de coexistence pacifique solide dont l\u2019int\u00e9r\u00eat bien compris de tous, sera de pr\u00e9server pour ne pas sombrer dans le chaos. Ce n\u2019est pas pour rien que le grand Proph\u00e8te Mohammed (P) a beaucoup insist\u00e9 sur la proximit\u00e9 qui le liait au proph\u00e8te J\u00e9sus (P). Et il faut aussi noter les nombreux occasions (comme pendant le Voyage et l\u2019Ascension) o\u00f9 le proph\u00e8te Mo\u00efse (P) a invoqu\u00e9 Dieu pour faire partie de la Communaut\u00e9 du grand Proph\u00e8te (P). C&rsquo;est-\u00e0-dire que le \u00ab\u00a0juda\u00efsme\u00a0\u00bb n\u2019est qu\u2019une formation vers le Christianisme.<\/p>\n<p style=\"text-align: justify;\">J\u00e9sus (P) en annon\u00e7ant la proph\u00e9tie du grand Proph\u00e8te (P), n\u2019a pas oubli\u00e9 d\u2019assimiler la sienne \u00e0 celle de Mo\u00efse (P) pour \u00e9radiquer la<img loading=\"lazy\" class=\"size-medium wp-image-12313 alignleft\" src=\"https:\/\/www.lejournalduforkane.com\/wp-content\/uploads\/2015\/11\/union-is-cre-182x300.jpg\" alt=\"union is cre\" width=\"182\" height=\"300\" srcset=\"https:\/\/www.lejournalduforkane.com\/wp-content\/uploads\/2015\/11\/union-is-cre-182x300.jpg 182w, https:\/\/www.lejournalduforkane.com\/wp-content\/uploads\/2015\/11\/union-is-cre.jpg 239w\" sizes=\"(max-width: 182px) 100vw, 182px\" \/> pr\u00e9tention des rabbins. Les 2 premi\u00e8res religions sont ainsi leur tour assimil\u00e9es par la religion des Musulmans. C\u2019est en acceptant d\u00e9finitivement l\u2019existence r\u00e9elle et historique du proph\u00e8te J\u00e9sus (P) que les juifs se r\u00e9concilieront avec les Chr\u00e9tiens apr\u00e8s 2 mill\u00e9naires de malheur et cela continue. A leur tour, les Chr\u00e9tiens doivent accepter de reconna\u00eetre le Dieu des Musulmans qui est unique et indivisible.<\/p>\n<p style=\"text-align: justify;\">La responsabilit\u00e9 des Chr\u00e9tiens\u00a0 et des Musulmans est grande. Le mot d\u2019ordre pour ne pas tomber dans le pi\u00e8ge de la guerre, des sionistes doit \u00eatre celui de la coexistence pacifique. Toute cause de troubles est \u00e0 proscrire. Les hommes ne suivent pas leur nature humaine mais les instincts \u00e0 l\u2019origine des malheurs. La religion a une grande importance telles que les religions ont \u00e9t\u00e9 chang\u00e9es, il ne faut pas en retenir que ce qui unit. Une m\u00eame maison doit abriter le Dieu des Chr\u00e9tiens et des Musulmans. Si les Chr\u00e9tiens et les Musulmans se retrouvent et se r\u00e9concilient, les sionistes seront forc\u00e9s de s\u2019incliner et de mesurer la vanit\u00e9 de toute cette politique qui a ruin\u00e9e les hommes et d\u2019autres religions encore.<\/p>\n","protected":false},"excerpt":{"rendered":"<p>Les Musulmans et les Chr\u00e9tiens sont les victimes historiques des men\u00e9es secr\u00e8tes des sionistes.<\/p>\n","protected":false},"author":2,"featured_media":0,"comment_status":"open","ping_status":"closed","sticky":false,"template":"","format":"standard","meta":[],"categories":[],"tags":[],"_links":{"self":[{"href":"https:\/\/www.lejournalduforkane.com\/index.php\/wp-json\/wp\/v2\/posts\/2490"}],"collection":[{"href":"https:\/\/www.lejournalduforkane.com\/index.php\/wp-json\/wp\/v2\/posts"}],"about":[{"href":"https:\/\/www.lejournalduforkane.com\/index.php\/wp-json\/wp\/v2\/types\/post"}],"author":[{"embeddable":true,"href":"https:\/\/www.lejournalduforkane.com\/index.php\/wp-json\/wp\/v2\/users\/2"}],"replies":[{"embeddable":true,"href":"https:\/\/www.lejournalduforkane.com\/index.php\/wp-json\/wp\/v2\/comments?post=2490"}],"version-history":[{"count":4,"href":"https:\/\/www.lejournalduforkane.com\/index.php\/wp-json\/wp\/v2\/posts\/2490\/revisions"}],"predecessor-version":[{"id":12787,"href":"https:\/\/www.lejournalduforkane.com\/index.php\/wp-json\/wp\/v2\/posts\/2490\/revisions\/12787"}],"wp:attachment":[{"href":"https:\/\/www.lejournalduforkane.com\/index.php\/wp-json\/wp\/v2\/media?parent=2490"}],"wp:term":[{"taxonomy":"category","embeddable":true,"href":"https:\/\/www.lejournalduforkane.com\/index.php\/wp-json\/wp\/v2\/categories?post=2490"},{"taxonomy":"post_tag","embeddable":true,"href":"https:\/\/www.lejournalduforkane.com\/index.php\/wp-json\/wp\/v2\/tags?post=2490"}],"curies":[{"name":"wp","href":"https:\/\/api.w.org\/{rel}","templated":true}]}}