
{"id":24924,"date":"2020-07-02T18:04:29","date_gmt":"2020-07-02T18:04:29","guid":{"rendered":"https:\/\/www.lejournalduforkane.com\/?p=24924"},"modified":"2020-07-02T18:04:29","modified_gmt":"2020-07-02T18:04:29","slug":"video-une-manifestation-dans-la-ville-francaise-de-toulouse-mercredi-contre-les-plans-israeliens-dannexer-de-larges-parties-des-terres-occupees-de-la-cisjordanie","status":"publish","type":"post","link":"https:\/\/www.lejournalduforkane.com\/index.php\/video-une-manifestation-dans-la-ville-francaise-de-toulouse-mercredi-contre-les-plans-israeliens-dannexer-de-larges-parties-des-terres-occupees-de-la-cisjordanie\/","title":{"rendered":"Vid\u00e9o | Une manifestation dans la ville fran\u00e7aise de Toulouse mercredi contre les plans isra\u00e9liens d&rsquo;annexer de larges parties des terres occup\u00e9es de la Cisjordanie."},"content":{"rendered":"<p><!--more--><\/p>\n<p>Vid\u00e9o | Une manifestation dans la ville fran\u00e7aise de Toulouse mercredi contre les plans isra\u00e9liens d&rsquo;annexer de larges parties des terres occup\u00e9es de la Cisjordanie.<\/p>\n<p>&nbsp;<\/p>\n<div style=\"width: 230px;\" class=\"wp-video\"><!--[if lt IE 9]><script>document.createElement('video');<\/script><![endif]-->\n<video class=\"wp-video-shortcode\" id=\"video-24924-1\" width=\"230\" height=\"400\" preload=\"metadata\" controls=\"controls\"><source type=\"video\/mp4\" src=\"https:\/\/www.lejournalduforkane.com\/wp-content\/uploads\/2020\/07\/Une-manifestation-dans-la-ville-fran\u00e7aise-de-Toulouse-mercredi-contre-les-plans-isra\u00e9liens-dannexer-de-larges-parties-des-terres-occup\u00e9es-de-la-Cisjordanie..mp4?_=1\" \/><a href=\"https:\/\/www.lejournalduforkane.com\/wp-content\/uploads\/2020\/07\/Une-manifestation-dans-la-ville-fran\u00e7aise-de-Toulouse-mercredi-contre-les-plans-isra\u00e9liens-dannexer-de-larges-parties-des-terres-occup\u00e9es-de-la-Cisjordanie..mp4\">https:\/\/www.lejournalduforkane.com\/wp-content\/uploads\/2020\/07\/Une-manifestation-dans-la-ville-fran\u00e7aise-de-Toulouse-mercredi-contre-les-plans-isra\u00e9liens-dannexer-de-larges-parties-des-terres-occup\u00e9es-de-la-Cisjordanie..mp4<\/a><\/video><\/div>\n<p><img loading=\"lazy\" class=\"alignnone size-full wp-image-24926\" src=\"https:\/\/www.lejournalduforkane.com\/wp-content\/uploads\/2020\/07\/toulouse-manif-palestine.jpg\" alt=\"toulouse manif palestine\" width=\"490\" height=\"438\" srcset=\"https:\/\/www.lejournalduforkane.com\/wp-content\/uploads\/2020\/07\/toulouse-manif-palestine.jpg 490w, https:\/\/www.lejournalduforkane.com\/wp-content\/uploads\/2020\/07\/toulouse-manif-palestine-300x268.jpg 300w\" sizes=\"(max-width: 490px) 100vw, 490px\" \/><\/p>\n","protected":false},"excerpt":{"rendered":"Vid\u00e9o | Une manifestation dans la ville fran\u00e7aise de Toulouse mercredi contre les plans isra\u00e9liens d'annexer de larges parties des terres occup\u00e9es de la Cisjordanie. &nbsp; [video width=\"230\" height=\"400\" mp4=\"https:\/\/www.lejournalduforkane.com\/wp-content\/uploads\/2020\/07\/Une-manifestation-dans-la-ville-fran\u00e7aise-de-Toulouse-mercredi-contre-les-plans-isra\u00e9liens-dannexer-de-larges-parties-des-terres-occup\u00e9es-de-la-Cisjordanie..mp4\"][\/video]","protected":false},"author":2,"featured_media":0,"comment_status":"closed","ping_status":"open","sticky":false,"template":"","format":"standard","meta":[],"categories":[],"tags":[],"_links":{"self":[{"href":"https:\/\/www.lejournalduforkane.com\/index.php\/wp-json\/wp\/v2\/posts\/24924"}],"collection":[{"href":"https:\/\/www.lejournalduforkane.com\/index.php\/wp-json\/wp\/v2\/posts"}],"about":[{"href":"https:\/\/www.lejournalduforkane.com\/index.php\/wp-json\/wp\/v2\/types\/post"}],"author":[{"embeddable":true,"href":"https:\/\/www.lejournalduforkane.com\/index.php\/wp-json\/wp\/v2\/users\/2"}],"replies":[{"embeddable":true,"href":"https:\/\/www.lejournalduforkane.com\/index.php\/wp-json\/wp\/v2\/comments?post=24924"}],"version-history":[{"count":1,"href":"https:\/\/www.lejournalduforkane.com\/index.php\/wp-json\/wp\/v2\/posts\/24924\/revisions"}],"predecessor-version":[{"id":24927,"href":"https:\/\/www.lejournalduforkane.com\/index.php\/wp-json\/wp\/v2\/posts\/24924\/revisions\/24927"}],"wp:attachment":[{"href":"https:\/\/www.lejournalduforkane.com\/index.php\/wp-json\/wp\/v2\/media?parent=24924"}],"wp:term":[{"taxonomy":"category","embeddable":true,"href":"https:\/\/www.lejournalduforkane.com\/index.php\/wp-json\/wp\/v2\/categories?post=24924"},{"taxonomy":"post_tag","embeddable":true,"href":"https:\/\/www.lejournalduforkane.com\/index.php\/wp-json\/wp\/v2\/tags?post=24924"}],"curies":[{"name":"wp","href":"https:\/\/api.w.org\/{rel}","templated":true}]}}