
{"id":24984,"date":"2020-07-08T17:56:58","date_gmt":"2020-07-08T17:56:58","guid":{"rendered":"https:\/\/www.lejournalduforkane.com\/?p=24984"},"modified":"2020-07-09T18:01:44","modified_gmt":"2020-07-09T18:01:44","slug":"comment-la-france-forme-des-militaires-saoudiens-qui-seront-engages-au-yemen-des-revelations-qui-montrent-lengagement-de-la-france-dans-ce-conflit-meurtrier","status":"publish","type":"post","link":"https:\/\/www.lejournalduforkane.com\/index.php\/comment-la-france-forme-des-militaires-saoudiens-qui-seront-engages-au-yemen-des-revelations-qui-montrent-lengagement-de-la-france-dans-ce-conflit-meurtrier\/","title":{"rendered":"Comment la France forme des militaires saoudiens qui seront engag\u00e9s au Y\u00e9men. Des r\u00e9v\u00e9lations qui montrent l\u2019engagement de la France dans ce conflit meurtrier."},"content":{"rendered":"<p><!--more--><\/p>\n<p style=\"text-align: justify;\">Comment la France forme des militaires saoudiens qui seront engag\u00e9s au Y\u00e9men. Des r\u00e9v\u00e9lations qui montrent l\u2019engagement de la France dans ce conflit meurtrier.<\/p>\n<div style=\"width: 400px;\" class=\"wp-video\"><!--[if lt IE 9]><script>document.createElement('video');<\/script><![endif]-->\n<video class=\"wp-video-shortcode\" id=\"video-24984-1\" width=\"400\" height=\"400\" preload=\"metadata\" controls=\"controls\"><source type=\"video\/mp4\" src=\"https:\/\/www.lejournalduforkane.com\/wp-content\/uploads\/2020\/07\/10000000_982616668866531_5300679275694921988_n.mp4?_=1\" \/><a href=\"https:\/\/www.lejournalduforkane.com\/wp-content\/uploads\/2020\/07\/10000000_982616668866531_5300679275694921988_n.mp4\">https:\/\/www.lejournalduforkane.com\/wp-content\/uploads\/2020\/07\/10000000_982616668866531_5300679275694921988_n.mp4<\/a><\/video><\/div>\n<p style=\"text-align: justify;\">\n<p style=\"text-align: justify;\">\n<p style=\"text-align: justify;\"><img loading=\"lazy\" class=\"alignnone size-full wp-image-24985\" src=\"https:\/\/www.lejournalduforkane.com\/wp-content\/uploads\/2020\/07\/Comment-la-France-forme-des-militaires-saoudiens-qui-seront-engag\u00e9s-au-Y\u00e9men.-Des-r\u00e9v\u00e9lations-qui-montrent-l\u2019engagement-de-la-France-dans-ce-conflit-meurtrier.jpg\" alt=\"Comment la France forme des militaires saoudiens qui seront engag\u00e9s au Y\u00e9men. Des r\u00e9v\u00e9lations qui montrent l\u2019engagement de la France dans ce conflit meurtrier\" width=\"576\" height=\"547\" srcset=\"https:\/\/www.lejournalduforkane.com\/wp-content\/uploads\/2020\/07\/Comment-la-France-forme-des-militaires-saoudiens-qui-seront-engag\u00e9s-au-Y\u00e9men.-Des-r\u00e9v\u00e9lations-qui-montrent-l\u2019engagement-de-la-France-dans-ce-conflit-meurtrier.jpg 576w, https:\/\/www.lejournalduforkane.com\/wp-content\/uploads\/2020\/07\/Comment-la-France-forme-des-militaires-saoudiens-qui-seront-engag\u00e9s-au-Y\u00e9men.-Des-r\u00e9v\u00e9lations-qui-montrent-l\u2019engagement-de-la-France-dans-ce-conflit-meurtrier-300x285.jpg 300w\" sizes=\"(max-width: 576px) 100vw, 576px\" \/><\/p>\n","protected":false},"excerpt":{"rendered":"Comment la France forme des militaires saoudiens qui seront engag\u00e9s au Y\u00e9men. Des r\u00e9v\u00e9lations qui montrent l\u2019engagement de la France dans ce conflit meurtrier. [video width=\"400\" height=\"400\" mp4=\"https:\/\/www.lejournalduforkane.com\/wp-content\/uploads\/2020\/07\/10000000_982616668866531_5300679275694921988_n.mp4\"][\/video]","protected":false},"author":2,"featured_media":0,"comment_status":"closed","ping_status":"open","sticky":false,"template":"","format":"standard","meta":[],"categories":[],"tags":[],"_links":{"self":[{"href":"https:\/\/www.lejournalduforkane.com\/index.php\/wp-json\/wp\/v2\/posts\/24984"}],"collection":[{"href":"https:\/\/www.lejournalduforkane.com\/index.php\/wp-json\/wp\/v2\/posts"}],"about":[{"href":"https:\/\/www.lejournalduforkane.com\/index.php\/wp-json\/wp\/v2\/types\/post"}],"author":[{"embeddable":true,"href":"https:\/\/www.lejournalduforkane.com\/index.php\/wp-json\/wp\/v2\/users\/2"}],"replies":[{"embeddable":true,"href":"https:\/\/www.lejournalduforkane.com\/index.php\/wp-json\/wp\/v2\/comments?post=24984"}],"version-history":[{"count":1,"href":"https:\/\/www.lejournalduforkane.com\/index.php\/wp-json\/wp\/v2\/posts\/24984\/revisions"}],"predecessor-version":[{"id":24987,"href":"https:\/\/www.lejournalduforkane.com\/index.php\/wp-json\/wp\/v2\/posts\/24984\/revisions\/24987"}],"wp:attachment":[{"href":"https:\/\/www.lejournalduforkane.com\/index.php\/wp-json\/wp\/v2\/media?parent=24984"}],"wp:term":[{"taxonomy":"category","embeddable":true,"href":"https:\/\/www.lejournalduforkane.com\/index.php\/wp-json\/wp\/v2\/categories?post=24984"},{"taxonomy":"post_tag","embeddable":true,"href":"https:\/\/www.lejournalduforkane.com\/index.php\/wp-json\/wp\/v2\/tags?post=24984"}],"curies":[{"name":"wp","href":"https:\/\/api.w.org\/{rel}","templated":true}]}}