
{"id":25001,"date":"2020-07-13T18:08:06","date_gmt":"2020-07-13T18:08:06","guid":{"rendered":"https:\/\/www.lejournalduforkane.com\/?p=25001"},"modified":"2020-07-13T18:08:06","modified_gmt":"2020-07-13T18:08:06","slug":"limpuissance-disrael-face-a-la-resistance","status":"publish","type":"post","link":"https:\/\/www.lejournalduforkane.com\/index.php\/limpuissance-disrael-face-a-la-resistance\/","title":{"rendered":"L\u2019impuissance d\u2019Isra\u00ebl face \u00e0 la R\u00e9sistance"},"content":{"rendered":"<p style=\"text-align: justify;\"><!--more-->Depuis la cr\u00e9ation de l\u2019Etat d\u2019Isra\u00ebl en 1948, il y avait un consensus chez les dirigeants arabes, de ne jamais pactiser avec l\u2019Etat sioniste. Mais en fait, de nombreux pays arabo-islamiques avaient des relations secr\u00e8tes qui sont remont\u00e9es \u00e0 la surface au gr\u00e9 du \u00ab\u00a0printemps arabe\u00a0\u00bb. Ce n\u2019est plus un secret qu\u2019il y a aujourd\u2019hui une ru\u00e9e pour s\u2019accorder avec Isra\u00ebl.<img loading=\"lazy\" class=\"wp-image-25002 alignright\" src=\"https:\/\/www.lejournalduforkane.com\/wp-content\/uploads\/2020\/07\/L\u2019impuissance-d\u2019Isra\u00ebl-face-\u00e0-la-R\u00e9sistance.jpg\" alt=\"L\u2019impuissance d\u2019Isra\u00ebl face \u00e0 la R\u00e9sistance\" width=\"330\" height=\"191\" srcset=\"https:\/\/www.lejournalduforkane.com\/wp-content\/uploads\/2020\/07\/L\u2019impuissance-d\u2019Isra\u00ebl-face-\u00e0-la-R\u00e9sistance.jpg 605w, https:\/\/www.lejournalduforkane.com\/wp-content\/uploads\/2020\/07\/L\u2019impuissance-d\u2019Isra\u00ebl-face-\u00e0-la-R\u00e9sistance-300x174.jpg 300w\" sizes=\"(max-width: 330px) 100vw, 330px\" \/><\/p>\n<p style=\"text-align: justify;\">\n<p style=\"text-align: justify;\">L\u2019hostilit\u00e9 reste r\u00e9elle chez les peuples et en ce qui concerne l\u2019axe de la R\u00e9sistance . Le bras de fer est en faveur des R\u00e9sistants. C\u2019est ainsi qu\u2019en 2006, le Hezbollah libanais met en \u00e9chec Isra\u00ebl en 33 jours. En 2008-2009, c\u2019est au tour de Gaza en 23 jours, puis 8 jours en novembre 2012 avec la fourniture en arme d\u00e9cisive de l\u2019Iran.<\/p>\n<p style=\"text-align: justify;\">\n<p style=\"text-align: justify;\">Mais le Hamas doute de la R\u00e9sistance et penche plut\u00f4t pour la confr\u00e9rie des \u00ab\u00a0Fr\u00e8res musulmans\u00a0\u00bb. La chute des Fr\u00e8res en Egypte en particulier, d\u00e9soriente le Hamas et c\u2019est le moment que choisit Isra\u00ebl pour frapper en 2014 pendant 50 jours alors que c\u2019\u00e9tait bien parti. Le Hamas n\u2019a d\u2019autres choix que de revenir sans retour \u00e0 la R\u00e9sistance.<\/p>\n<p style=\"text-align: justify;\">\n<p style=\"text-align: justify;\">Quant \u00e0 Isra\u00ebl, contre les pays arabes et la R\u00e9sistance, il a trouv\u00e9 la solution sur laquelle il mise tout\u00a0: les salafistes wahhabites d\u00e9vou\u00e9s\u00a0 \u00e0 la cause sioniste.<\/p>\n<p style=\"text-align: justify;\">\n<p style=\"text-align: center;\"><strong>\u00a0Al-Mahdi tranchera le sort ultime de la guerre.<\/strong><\/p>\n","protected":false},"excerpt":{"rendered":"Depuis la cr\u00e9ation de l\u2019Etat d\u2019Isra\u00ebl en 1948, il y avait un consensus chez les dirigeants arabes, de ne jamais pactiser avec l\u2019Etat sioniste. Mais en fait, de nombreux pays","protected":false},"author":2,"featured_media":0,"comment_status":"closed","ping_status":"open","sticky":false,"template":"","format":"standard","meta":[],"categories":[],"tags":[],"_links":{"self":[{"href":"https:\/\/www.lejournalduforkane.com\/index.php\/wp-json\/wp\/v2\/posts\/25001"}],"collection":[{"href":"https:\/\/www.lejournalduforkane.com\/index.php\/wp-json\/wp\/v2\/posts"}],"about":[{"href":"https:\/\/www.lejournalduforkane.com\/index.php\/wp-json\/wp\/v2\/types\/post"}],"author":[{"embeddable":true,"href":"https:\/\/www.lejournalduforkane.com\/index.php\/wp-json\/wp\/v2\/users\/2"}],"replies":[{"embeddable":true,"href":"https:\/\/www.lejournalduforkane.com\/index.php\/wp-json\/wp\/v2\/comments?post=25001"}],"version-history":[{"count":1,"href":"https:\/\/www.lejournalduforkane.com\/index.php\/wp-json\/wp\/v2\/posts\/25001\/revisions"}],"predecessor-version":[{"id":25003,"href":"https:\/\/www.lejournalduforkane.com\/index.php\/wp-json\/wp\/v2\/posts\/25001\/revisions\/25003"}],"wp:attachment":[{"href":"https:\/\/www.lejournalduforkane.com\/index.php\/wp-json\/wp\/v2\/media?parent=25001"}],"wp:term":[{"taxonomy":"category","embeddable":true,"href":"https:\/\/www.lejournalduforkane.com\/index.php\/wp-json\/wp\/v2\/categories?post=25001"},{"taxonomy":"post_tag","embeddable":true,"href":"https:\/\/www.lejournalduforkane.com\/index.php\/wp-json\/wp\/v2\/tags?post=25001"}],"curies":[{"name":"wp","href":"https:\/\/api.w.org\/{rel}","templated":true}]}}