
{"id":25004,"date":"2020-07-15T17:54:44","date_gmt":"2020-07-15T17:54:44","guid":{"rendered":"https:\/\/www.lejournalduforkane.com\/?p=25004"},"modified":"2020-07-15T17:55:35","modified_gmt":"2020-07-15T17:55:35","slug":"la-france-sans-lendemain","status":"publish","type":"post","link":"https:\/\/www.lejournalduforkane.com\/index.php\/la-france-sans-lendemain\/","title":{"rendered":"La France sans lendemain\u00a0!"},"content":{"rendered":"<p style=\"text-align: justify;\"><!--more--><\/p>\n<p style=\"text-align: justify;\">Parmi toutes les d\u00e9cisions politiques prises par ceux qui nous gouvernent\u00a0au nom du pouvoir invisible, 2 d\u00e9cisions parlent pour toutes les autres. Une \u00e0 trait \u00e0 la politique int\u00e9rieure au pays et l\u2019autre plut\u00f4t aux affaires \u00e9trang\u00e8res.<img loading=\"lazy\" class=\"wp-image-25007 alignright\" src=\"https:\/\/www.lejournalduforkane.com\/wp-content\/uploads\/2020\/07\/la-france-sans-lendemain.png\" alt=\"la france sans lendemain\" width=\"343\" height=\"210\" srcset=\"https:\/\/www.lejournalduforkane.com\/wp-content\/uploads\/2020\/07\/la-france-sans-lendemain.png 1459w, https:\/\/www.lejournalduforkane.com\/wp-content\/uploads\/2020\/07\/la-france-sans-lendemain-300x184.png 300w, https:\/\/www.lejournalduforkane.com\/wp-content\/uploads\/2020\/07\/la-france-sans-lendemain-768x471.png 768w, https:\/\/www.lejournalduforkane.com\/wp-content\/uploads\/2020\/07\/la-france-sans-lendemain-1024x627.png 1024w\" sizes=\"(max-width: 343px) 100vw, 343px\" \/> La premi\u00e8re sonne la fin du baccalaur\u00e9at et par l\u00e0 des \u00e9tudes sup\u00e9rieur et du syst\u00e8me \u00e9ducatif fran\u00e7ais\u00a0: il est pr\u00e9vu que le redoublant (ayant \u00e9chou\u00e9 au Bac) n\u2019\u00e9tudiera et ne passera que les mati\u00e8res rat\u00e9es. L\u2019autre tient \u00e0 une loi qui stipule que le jeune de retour de Syrie soit consid\u00e9r\u00e9 comme \u00ab\u00a0l\u2019alli\u00e9 objectif\u00a0\u00bb c&rsquo;est-\u00e0-dire qu\u2019il ne doit pas \u00eatre inqui\u00e9t\u00e9 par la police et les juges \u00e0 moins qu\u2019il ne fomente un acte terroriste sur le sol du pays et passe \u00e0 l\u2019action.<\/p>\n<p style=\"text-align: justify;\">S\u2019il est effectivement possible d\u2019espionner tous les Fran\u00e7ais, il est difficile de comprendre ce qu\u2019il en est des djihadistes d\u2019autant que ceux qui sont pass\u00e9s \u00e0 l\u2019action \u00e0 Paris et \u00e0 Bruxelles \u00e9taient fich\u00e9s. 2 d\u00e9cisions aberrantes et suicidaires. La droite hypocrite de Sarkozy est \u00e0 l\u2019origine de\u00a0 l\u2019annulation de la loi sur la d\u00e9ch\u00e9ance de la nationalit\u00e9, m\u00eame si la gauche n\u2019est pas en reste. Pour les pr\u00e9sidentielles de 2017, une main invisible dans les coulisses de la politique et dans la presse s\u2019arrangent aupr\u00e8s de gamins inexp\u00e9riment\u00e9s et incomp\u00e9tents en politique \u00e0 multiplier les candidats aux primaires \u00e0 gauche pour l\u2019affaiblir.<\/p>\n<p style=\"text-align: justify;\">Un exemple est celui de Macron avec son parti, \u00ab\u00a0En Marche\u00a0\u00bb. De m\u00eame \u00e0 droite, les candidats sont nombreux pour ralentir l\u2019\u00e9lan de Jupp\u00e9 et Fillon. Les nombreux candidats aux primaires de la droite ne sont l\u00e0 que pour faire de Sarkozy le candidat du parti \u00ab\u00a0Les R\u00e9publicains\u00a0\u00bb (ex-UMP) aux \u00e9lections sans programme de 2017. Alors que la presse encense Sarkozy, la justice le met en examen encore une fois pour \u00ab\u00a0financement ill\u00e9gal de campagne pr\u00e9sidentielle\u00a0\u00bb. Pourtant, chose curieuse, il n\u2019est jamais condamn\u00e9.<\/p>\n<p style=\"text-align: justify;\">Ainsi, le duo \u00ab\u00a0presse-justice\u00a0\u00bb fait passer subtilement l\u2019ancien pr\u00e9sident pour un martyr qui endure les coups durs et \u00e0 le faire \u00e9lire en le pr\u00e9sentant comme un homme providentiel. Un simple humoriste, Dieudonn\u00e9, pour quelques mots a la \u00ab\u00a0meute\u00a0\u00bb presse-justice qui s\u2019acharne\u00a0: un juge le condamne \u00e0 30\u00a0000 euros d\u2019amende et \u00e0 de la prison avec sursis. La libert\u00e9 d\u2019expression a ses limites imp\u00e9n\u00e9trables pour ceux qui croient en la libert\u00e9 d\u00e9mocratique.<\/p>\n","protected":false},"excerpt":{"rendered":"Parmi toutes les d\u00e9cisions politiques prises par ceux qui nous gouvernent\u00a0au nom du pouvoir invisible, 2 d\u00e9cisions parlent pour toutes les autres. Une \u00e0 trait \u00e0 la politique int\u00e9rieure au","protected":false},"author":2,"featured_media":0,"comment_status":"closed","ping_status":"open","sticky":false,"template":"","format":"standard","meta":[],"categories":[],"tags":[],"_links":{"self":[{"href":"https:\/\/www.lejournalduforkane.com\/index.php\/wp-json\/wp\/v2\/posts\/25004"}],"collection":[{"href":"https:\/\/www.lejournalduforkane.com\/index.php\/wp-json\/wp\/v2\/posts"}],"about":[{"href":"https:\/\/www.lejournalduforkane.com\/index.php\/wp-json\/wp\/v2\/types\/post"}],"author":[{"embeddable":true,"href":"https:\/\/www.lejournalduforkane.com\/index.php\/wp-json\/wp\/v2\/users\/2"}],"replies":[{"embeddable":true,"href":"https:\/\/www.lejournalduforkane.com\/index.php\/wp-json\/wp\/v2\/comments?post=25004"}],"version-history":[{"count":3,"href":"https:\/\/www.lejournalduforkane.com\/index.php\/wp-json\/wp\/v2\/posts\/25004\/revisions"}],"predecessor-version":[{"id":25009,"href":"https:\/\/www.lejournalduforkane.com\/index.php\/wp-json\/wp\/v2\/posts\/25004\/revisions\/25009"}],"wp:attachment":[{"href":"https:\/\/www.lejournalduforkane.com\/index.php\/wp-json\/wp\/v2\/media?parent=25004"}],"wp:term":[{"taxonomy":"category","embeddable":true,"href":"https:\/\/www.lejournalduforkane.com\/index.php\/wp-json\/wp\/v2\/categories?post=25004"},{"taxonomy":"post_tag","embeddable":true,"href":"https:\/\/www.lejournalduforkane.com\/index.php\/wp-json\/wp\/v2\/tags?post=25004"}],"curies":[{"name":"wp","href":"https:\/\/api.w.org\/{rel}","templated":true}]}}