
{"id":25039,"date":"2020-07-22T17:53:01","date_gmt":"2020-07-22T17:53:01","guid":{"rendered":"https:\/\/www.lejournalduforkane.com\/?p=25039"},"modified":"2020-07-22T17:53:01","modified_gmt":"2020-07-22T17:53:01","slug":"frappes-en-syrie-israel-se-cache-derriere-des-avions-civils-pour-empecher-lutilisation-du-s-300","status":"publish","type":"post","link":"https:\/\/www.lejournalduforkane.com\/index.php\/frappes-en-syrie-israel-se-cache-derriere-des-avions-civils-pour-empecher-lutilisation-du-s-300\/","title":{"rendered":"Frappes en Syrie : Isra\u00ebl se cache derri\u00e8re des avions civils pour emp\u00eacher l\u2019utilisation du S-300"},"content":{"rendered":"<p><!--more--><\/p>\n<div class=\"\" dir=\"auto\">\n<div id=\"jsc_c_at\" class=\"ecm0bbzt hv4rvrfc ihqw7lf3 dati1w0a\" data-ad-comet-preview=\"message\" data-ad-preview=\"message\">\n<div class=\"j83agx80 cbu4d94t ew0dbk1b irj2b8pg\">\n<div class=\"qzhwtbm6 knvmm38d\">\n<div class=\"kvgmc6g5 cxmmr5t8 oygrvhab hcukyx3x c1et5uql ii04i59q\">\n<div dir=\"auto\">Frappes en Syrie : Isra\u00ebl se cache derri\u00e8re des avions civils pour emp\u00eacher l\u2019utilisation du S-300<\/div>\n<\/div>\n<div class=\"o9v6fnle cxmmr5t8 oygrvhab hcukyx3x c1et5uql ii04i59q\">\n<div dir=\"auto\">Reportage de Rossiya 24, 26 d\u00e9cembre 2018 (VOSTFR \/ sous-titres fran\u00e7ais).<\/div>\n<\/div>\n<\/div>\n<\/div>\n<\/div>\n<\/div>\n<div class=\"l9j0dhe7\"><\/div>\n<div style=\"position: relative; padding-bottom: 56.25%; height: 0; overflow: hidden;\"><iframe loading=\"lazy\" style=\"width: 100%; height: 100%; position: absolute; left: 0px; top: 0px; overflow: hidden;\" src=\"https:\/\/www.dailymotion.com\/embed\/video\/x7v3yyc\" width=\"100%\" height=\"100%\" frameborder=\"0\" allowfullscreen=\"allowfullscreen\"> <\/iframe><\/div>\n<div style=\"position: relative; padding-bottom: 56.25%; height: 0; overflow: hidden;\"><img loading=\"lazy\" class=\"alignnone size-full wp-image-25040\" src=\"https:\/\/www.lejournalduforkane.com\/wp-content\/uploads\/2020\/07\/Isra\u00ebl-se-cache-derri\u00e8re-des-avions-civils-pour-emp\u00eacher-l\u2019utilisation-du-S-300.jpg\" alt=\"Isra\u00ebl se cache derri\u00e8re des avions civils pour emp\u00eacher l\u2019utilisation du S-300\" width=\"500\" height=\"260\" srcset=\"https:\/\/www.lejournalduforkane.com\/wp-content\/uploads\/2020\/07\/Isra\u00ebl-se-cache-derri\u00e8re-des-avions-civils-pour-emp\u00eacher-l\u2019utilisation-du-S-300.jpg 500w, https:\/\/www.lejournalduforkane.com\/wp-content\/uploads\/2020\/07\/Isra\u00ebl-se-cache-derri\u00e8re-des-avions-civils-pour-emp\u00eacher-l\u2019utilisation-du-S-300-300x156.jpg 300w\" sizes=\"(max-width: 500px) 100vw, 500px\" \/><\/div>\n","protected":false},"excerpt":{"rendered":"Frappes en Syrie : Isra\u00ebl se cache derri\u00e8re des avions civils pour emp\u00eacher l\u2019utilisation du S-300 Reportage de Rossiya 24, 26 d\u00e9cembre 2018 (VOSTFR \/ sous-titres fran\u00e7ais).","protected":false},"author":2,"featured_media":0,"comment_status":"closed","ping_status":"open","sticky":false,"template":"","format":"standard","meta":[],"categories":[],"tags":[],"_links":{"self":[{"href":"https:\/\/www.lejournalduforkane.com\/index.php\/wp-json\/wp\/v2\/posts\/25039"}],"collection":[{"href":"https:\/\/www.lejournalduforkane.com\/index.php\/wp-json\/wp\/v2\/posts"}],"about":[{"href":"https:\/\/www.lejournalduforkane.com\/index.php\/wp-json\/wp\/v2\/types\/post"}],"author":[{"embeddable":true,"href":"https:\/\/www.lejournalduforkane.com\/index.php\/wp-json\/wp\/v2\/users\/2"}],"replies":[{"embeddable":true,"href":"https:\/\/www.lejournalduforkane.com\/index.php\/wp-json\/wp\/v2\/comments?post=25039"}],"version-history":[{"count":1,"href":"https:\/\/www.lejournalduforkane.com\/index.php\/wp-json\/wp\/v2\/posts\/25039\/revisions"}],"predecessor-version":[{"id":25041,"href":"https:\/\/www.lejournalduforkane.com\/index.php\/wp-json\/wp\/v2\/posts\/25039\/revisions\/25041"}],"wp:attachment":[{"href":"https:\/\/www.lejournalduforkane.com\/index.php\/wp-json\/wp\/v2\/media?parent=25039"}],"wp:term":[{"taxonomy":"category","embeddable":true,"href":"https:\/\/www.lejournalduforkane.com\/index.php\/wp-json\/wp\/v2\/categories?post=25039"},{"taxonomy":"post_tag","embeddable":true,"href":"https:\/\/www.lejournalduforkane.com\/index.php\/wp-json\/wp\/v2\/tags?post=25039"}],"curies":[{"name":"wp","href":"https:\/\/api.w.org\/{rel}","templated":true}]}}