
{"id":25072,"date":"2020-08-11T18:50:54","date_gmt":"2020-08-11T18:50:54","guid":{"rendered":"https:\/\/www.lejournalduforkane.com\/?p=25072"},"modified":"2020-08-12T05:50:11","modified_gmt":"2020-08-12T05:50:11","slug":"les-hypocrites-sement-sans-recolter","status":"publish","type":"post","link":"https:\/\/www.lejournalduforkane.com\/index.php\/les-hypocrites-sement-sans-recolter\/","title":{"rendered":"Les hypocrites s\u00e8ment sans r\u00e9colter"},"content":{"rendered":"<p style=\"text-align: justify;\"><!--more--><\/p>\n<p style=\"text-align: justify;\">Par sa d\u00e9claration sur J\u00e9rusalem, Trump met le monde dans l\u2019embarras. Netanyahou contacte de nombreux pays pour installer leurs ambassades \u00e0 J\u00e9rusalem. Seul le Guatemala serait pr\u00eat.\u00a0<img loading=\"lazy\" class=\"size-full wp-image-25073 alignright\" src=\"https:\/\/www.lejournalduforkane.com\/wp-content\/uploads\/2020\/07\/Les-hypocrites-s\u00e8ment-sans-r\u00e9colter.jpg\" alt=\"Les hypocrites s\u00e8ment sans r\u00e9colter\" width=\"292\" height=\"173\" \/><\/p>\n<p style=\"text-align: justify;\">Il se rend \u00e0 Paris pour discuter sur cette affaire et l\u2019Iran. Les isra\u00e9liens sont d\u2019un culot sans limite. Netanyahou demande aux occidentaux de dire aux gouvernants arabes de calmer les foules.<\/p>\n<p style=\"text-align: justify;\">Pour que l\u2019Arabie de fasse oublier, les USA lui rappellent \u00ab\u00a0d\u2019\u00e9viter la violence au Qatar, au Y\u00e9men et au Liban\u00a0\u00bb. Les saoudiens sont pieds et poings li\u00e9s.<\/p>\n<p style=\"text-align: justify;\">De son c\u00f4t\u00e9 Trump ne gagne rien en retour. Il continue sa descente aux enfers. Une jeune\u00a0femme, accuse le pr\u00e9sident d\u2019harc\u00e8lement.<\/p>\n<p style=\"text-align: justify;\">Les Turcs qui instrumentalisent les causes islamiques, r\u00e9unit l\u2019Organisation de la conf\u00e9rence islamique (OCI).<\/p>\n<p style=\"text-align: justify;\">Erdogan accuse Isra\u00ebl de \u00ab\u00a0terrorisme d\u2019Etat\u00a0\u00bb. La presse occidentale place la Turquie \u00e0 la t\u00eate de la contestation. Tout cela pour endiguer l\u2019influence de l\u2019Iran qui pr\u00e9f\u00e8re les actes aux paroles surtout sur la question palestinienne.<\/p>\n<p style=\"text-align: justify;\"><strong>Trump et les hypocrites musulmans, des nains en politique qu\u2019Al-Mahdi brisera pour avoir usurp\u00e9 le gouvernement. <\/strong><\/p>\n","protected":false},"excerpt":{"rendered":"Par sa d\u00e9claration sur J\u00e9rusalem, Trump met le monde dans l\u2019embarras. Netanyahou contacte de nombreux pays pour installer leurs ambassades \u00e0 J\u00e9rusalem. Seul le Guatemala serait pr\u00eat.\u00a0 Il se rend","protected":false},"author":2,"featured_media":0,"comment_status":"closed","ping_status":"open","sticky":false,"template":"","format":"standard","meta":[],"categories":[],"tags":[],"_links":{"self":[{"href":"https:\/\/www.lejournalduforkane.com\/index.php\/wp-json\/wp\/v2\/posts\/25072"}],"collection":[{"href":"https:\/\/www.lejournalduforkane.com\/index.php\/wp-json\/wp\/v2\/posts"}],"about":[{"href":"https:\/\/www.lejournalduforkane.com\/index.php\/wp-json\/wp\/v2\/types\/post"}],"author":[{"embeddable":true,"href":"https:\/\/www.lejournalduforkane.com\/index.php\/wp-json\/wp\/v2\/users\/2"}],"replies":[{"embeddable":true,"href":"https:\/\/www.lejournalduforkane.com\/index.php\/wp-json\/wp\/v2\/comments?post=25072"}],"version-history":[{"count":1,"href":"https:\/\/www.lejournalduforkane.com\/index.php\/wp-json\/wp\/v2\/posts\/25072\/revisions"}],"predecessor-version":[{"id":25074,"href":"https:\/\/www.lejournalduforkane.com\/index.php\/wp-json\/wp\/v2\/posts\/25072\/revisions\/25074"}],"wp:attachment":[{"href":"https:\/\/www.lejournalduforkane.com\/index.php\/wp-json\/wp\/v2\/media?parent=25072"}],"wp:term":[{"taxonomy":"category","embeddable":true,"href":"https:\/\/www.lejournalduforkane.com\/index.php\/wp-json\/wp\/v2\/categories?post=25072"},{"taxonomy":"post_tag","embeddable":true,"href":"https:\/\/www.lejournalduforkane.com\/index.php\/wp-json\/wp\/v2\/tags?post=25072"}],"curies":[{"name":"wp","href":"https:\/\/api.w.org\/{rel}","templated":true}]}}