
{"id":25077,"date":"2020-08-02T18:04:18","date_gmt":"2020-08-02T18:04:18","guid":{"rendered":"https:\/\/www.lejournalduforkane.com\/?p=25077"},"modified":"2020-08-02T18:04:18","modified_gmt":"2020-08-02T18:04:18","slug":"video-drone-rq20-americain-participant-a-lagression-saoudienne-contre-le-yemen-et-abattu-par-la-defense-anti-aerienne-de-la-resistance","status":"publish","type":"post","link":"https:\/\/www.lejournalduforkane.com\/index.php\/video-drone-rq20-americain-participant-a-lagression-saoudienne-contre-le-yemen-et-abattu-par-la-defense-anti-aerienne-de-la-resistance\/","title":{"rendered":"Vid\u00e9o : Drone RQ20 am\u00e9ricain, participant \u00e0 l&rsquo;agression saoudienne contre le Y\u00e9men, et abattu par la d\u00e9fense anti-a\u00e9rienne de la R\u00e9sistance"},"content":{"rendered":"<p><!--more--><\/p>\n<p>Vid\u00e9o : Drone RQ20 am\u00e9ricain, participant \u00e0 l&rsquo;agression saoudienne contre le Y\u00e9men, et abattu par la d\u00e9fense anti-a\u00e9rienne de la R\u00e9sistance<\/p>\n<p>&nbsp;<\/p>\n<div style=\"width: 400px;\" class=\"wp-video\"><!--[if lt IE 9]><script>document.createElement('video');<\/script><![endif]-->\n<video class=\"wp-video-shortcode\" id=\"video-25077-1\" width=\"400\" height=\"228\" preload=\"metadata\" controls=\"controls\"><source type=\"video\/mp4\" src=\"https:\/\/www.lejournalduforkane.com\/wp-content\/uploads\/2020\/08\/116180135_312165609980956_837156123967437924_n.mp4?_=1\" \/><a href=\"https:\/\/www.lejournalduforkane.com\/wp-content\/uploads\/2020\/08\/116180135_312165609980956_837156123967437924_n.mp4\">https:\/\/www.lejournalduforkane.com\/wp-content\/uploads\/2020\/08\/116180135_312165609980956_837156123967437924_n.mp4<\/a><\/video><\/div>\n<p><img loading=\"lazy\" class=\"alignnone size-full wp-image-25078\" src=\"https:\/\/www.lejournalduforkane.com\/wp-content\/uploads\/2020\/08\/drone-us-au-y\u00e9men.jpg\" alt=\"drone us au y\u00e9men\" width=\"500\" height=\"284\" srcset=\"https:\/\/www.lejournalduforkane.com\/wp-content\/uploads\/2020\/08\/drone-us-au-y\u00e9men.jpg 500w, https:\/\/www.lejournalduforkane.com\/wp-content\/uploads\/2020\/08\/drone-us-au-y\u00e9men-300x170.jpg 300w\" sizes=\"(max-width: 500px) 100vw, 500px\" \/><\/p>\n","protected":false},"excerpt":{"rendered":"Vid\u00e9o : Drone RQ20 am\u00e9ricain, participant \u00e0 l'agression saoudienne contre le Y\u00e9men, et abattu par la d\u00e9fense anti-a\u00e9rienne de la R\u00e9sistance &nbsp; [video width=\"400\" height=\"228\" mp4=\"https:\/\/www.lejournalduforkane.com\/wp-content\/uploads\/2020\/08\/116180135_312165609980956_837156123967437924_n.mp4\"][\/video]","protected":false},"author":2,"featured_media":0,"comment_status":"closed","ping_status":"open","sticky":false,"template":"","format":"standard","meta":[],"categories":[],"tags":[],"_links":{"self":[{"href":"https:\/\/www.lejournalduforkane.com\/index.php\/wp-json\/wp\/v2\/posts\/25077"}],"collection":[{"href":"https:\/\/www.lejournalduforkane.com\/index.php\/wp-json\/wp\/v2\/posts"}],"about":[{"href":"https:\/\/www.lejournalduforkane.com\/index.php\/wp-json\/wp\/v2\/types\/post"}],"author":[{"embeddable":true,"href":"https:\/\/www.lejournalduforkane.com\/index.php\/wp-json\/wp\/v2\/users\/2"}],"replies":[{"embeddable":true,"href":"https:\/\/www.lejournalduforkane.com\/index.php\/wp-json\/wp\/v2\/comments?post=25077"}],"version-history":[{"count":1,"href":"https:\/\/www.lejournalduforkane.com\/index.php\/wp-json\/wp\/v2\/posts\/25077\/revisions"}],"predecessor-version":[{"id":25080,"href":"https:\/\/www.lejournalduforkane.com\/index.php\/wp-json\/wp\/v2\/posts\/25077\/revisions\/25080"}],"wp:attachment":[{"href":"https:\/\/www.lejournalduforkane.com\/index.php\/wp-json\/wp\/v2\/media?parent=25077"}],"wp:term":[{"taxonomy":"category","embeddable":true,"href":"https:\/\/www.lejournalduforkane.com\/index.php\/wp-json\/wp\/v2\/categories?post=25077"},{"taxonomy":"post_tag","embeddable":true,"href":"https:\/\/www.lejournalduforkane.com\/index.php\/wp-json\/wp\/v2\/tags?post=25077"}],"curies":[{"name":"wp","href":"https:\/\/api.w.org\/{rel}","templated":true}]}}