
{"id":25081,"date":"2020-08-02T18:11:58","date_gmt":"2020-08-02T18:11:58","guid":{"rendered":"https:\/\/www.lejournalduforkane.com\/?p=25081"},"modified":"2020-08-02T18:11:58","modified_gmt":"2020-08-02T18:11:58","slug":"poutine-les-dirigeants-europeens-chuchotent-dans-leur-propre-maison-de-peur-detre-espionnes","status":"publish","type":"post","link":"https:\/\/www.lejournalduforkane.com\/index.php\/poutine-les-dirigeants-europeens-chuchotent-dans-leur-propre-maison-de-peur-detre-espionnes\/","title":{"rendered":"Poutine : Les dirigeants europ\u00e9ens chuchotent dans leur propre maison de peur d&rsquo;\u00eatre espionn\u00e9s"},"content":{"rendered":"<p><!--more--><\/p>\n<div class=\"kvgmc6g5 cxmmr5t8 oygrvhab hcukyx3x c1et5uql ii04i59q\">\n<div dir=\"auto\">Discours de Vladimir Poutine sur l\u2019int\u00e9gration de la Crim\u00e9e \u00e0 la F\u00e9d\u00e9ration de Russie, le 18 mars 2014, suivi d&rsquo;une r\u00e9flexion sur cette intervention dat\u00e9e du 22 avril 2014.<\/div>\n<\/div>\n<div dir=\"auto\"><\/div>\n<div dir=\"auto\">\n<div style=\"width: 400px;\" class=\"wp-video\"><!--[if lt IE 9]><script>document.createElement('video');<\/script><![endif]-->\n<video class=\"wp-video-shortcode\" id=\"video-25081-1\" width=\"400\" height=\"224\" preload=\"metadata\" controls=\"controls\"><source type=\"video\/mp4\" src=\"https:\/\/www.lejournalduforkane.com\/wp-content\/uploads\/2020\/08\/10000000_297314761348053_4732732072142024137_n.mp4?_=1\" \/><a href=\"https:\/\/www.lejournalduforkane.com\/wp-content\/uploads\/2020\/08\/10000000_297314761348053_4732732072142024137_n.mp4\">https:\/\/www.lejournalduforkane.com\/wp-content\/uploads\/2020\/08\/10000000_297314761348053_4732732072142024137_n.mp4<\/a><\/video><\/div>\n<\/div>\n<div dir=\"auto\"><\/div>\n<div dir=\"auto\"><img loading=\"lazy\" class=\"alignnone size-full wp-image-25082\" src=\"https:\/\/www.lejournalduforkane.com\/wp-content\/uploads\/2020\/08\/Les-dirigeants-europ\u00e9ens-chuchotent-dans-leur-propre-maison-de-peur-d\u00eatre-espionn\u00e9s.jpg\" alt=\"Les dirigeants europ\u00e9ens chuchotent dans leur propre maison de peur d'\u00eatre espionn\u00e9s\" width=\"974\" height=\"495\" srcset=\"https:\/\/www.lejournalduforkane.com\/wp-content\/uploads\/2020\/08\/Les-dirigeants-europ\u00e9ens-chuchotent-dans-leur-propre-maison-de-peur-d\u00eatre-espionn\u00e9s.jpg 974w, https:\/\/www.lejournalduforkane.com\/wp-content\/uploads\/2020\/08\/Les-dirigeants-europ\u00e9ens-chuchotent-dans-leur-propre-maison-de-peur-d\u00eatre-espionn\u00e9s-300x152.jpg 300w, https:\/\/www.lejournalduforkane.com\/wp-content\/uploads\/2020\/08\/Les-dirigeants-europ\u00e9ens-chuchotent-dans-leur-propre-maison-de-peur-d\u00eatre-espionn\u00e9s-768x390.jpg 768w\" sizes=\"(max-width: 974px) 100vw, 974px\" \/><\/div>\n<div class=\"o9v6fnle cxmmr5t8 oygrvhab hcukyx3x c1et5uql ii04i59q\"><\/div>\n","protected":false},"excerpt":{"rendered":"Discours de Vladimir Poutine sur l\u2019int\u00e9gration de la Crim\u00e9e \u00e0 la F\u00e9d\u00e9ration de Russie, le 18 mars 2014, suivi d'une r\u00e9flexion sur cette intervention dat\u00e9e du 22 avril 2014. [video","protected":false},"author":2,"featured_media":0,"comment_status":"closed","ping_status":"open","sticky":false,"template":"","format":"standard","meta":[],"categories":[],"tags":[],"_links":{"self":[{"href":"https:\/\/www.lejournalduforkane.com\/index.php\/wp-json\/wp\/v2\/posts\/25081"}],"collection":[{"href":"https:\/\/www.lejournalduforkane.com\/index.php\/wp-json\/wp\/v2\/posts"}],"about":[{"href":"https:\/\/www.lejournalduforkane.com\/index.php\/wp-json\/wp\/v2\/types\/post"}],"author":[{"embeddable":true,"href":"https:\/\/www.lejournalduforkane.com\/index.php\/wp-json\/wp\/v2\/users\/2"}],"replies":[{"embeddable":true,"href":"https:\/\/www.lejournalduforkane.com\/index.php\/wp-json\/wp\/v2\/comments?post=25081"}],"version-history":[{"count":1,"href":"https:\/\/www.lejournalduforkane.com\/index.php\/wp-json\/wp\/v2\/posts\/25081\/revisions"}],"predecessor-version":[{"id":25084,"href":"https:\/\/www.lejournalduforkane.com\/index.php\/wp-json\/wp\/v2\/posts\/25081\/revisions\/25084"}],"wp:attachment":[{"href":"https:\/\/www.lejournalduforkane.com\/index.php\/wp-json\/wp\/v2\/media?parent=25081"}],"wp:term":[{"taxonomy":"category","embeddable":true,"href":"https:\/\/www.lejournalduforkane.com\/index.php\/wp-json\/wp\/v2\/categories?post=25081"},{"taxonomy":"post_tag","embeddable":true,"href":"https:\/\/www.lejournalduforkane.com\/index.php\/wp-json\/wp\/v2\/tags?post=25081"}],"curies":[{"name":"wp","href":"https:\/\/api.w.org\/{rel}","templated":true}]}}