
{"id":25120,"date":"2020-08-05T17:43:10","date_gmt":"2020-08-05T17:43:10","guid":{"rendered":"https:\/\/www.lejournalduforkane.com\/?p=25120"},"modified":"2020-08-05T17:43:10","modified_gmt":"2020-08-05T17:43:10","slug":"video-liran-au-secours-du-peuple-libanais","status":"publish","type":"post","link":"https:\/\/www.lejournalduforkane.com\/index.php\/video-liran-au-secours-du-peuple-libanais\/","title":{"rendered":"Vid\u00e9o : L\u2019Iran au secours du peuple libanais"},"content":{"rendered":"<p style=\"text-align: justify;\"><!--more--><\/p>\n<div class=\"kvgmc6g5 cxmmr5t8 oygrvhab hcukyx3x c1et5uql\">\n<div dir=\"auto\" style=\"text-align: justify;\">La R\u00e9publique islamique d\u2019Iran a envoy\u00e9 aujourd\u2019hui des convois humanitaires qui contenaient des denr\u00e9es alimentaires, mat\u00e9riel m\u00e9dical pour les libanais.<\/div>\n<\/div>\n<div dir=\"auto\" style=\"text-align: justify;\"><\/div>\n<div dir=\"auto\" style=\"text-align: justify;\">\n<div style=\"width: 400px;\" class=\"wp-video\"><!--[if lt IE 9]><script>document.createElement('video');<\/script><![endif]-->\n<video class=\"wp-video-shortcode\" id=\"video-25120-1\" width=\"400\" height=\"224\" preload=\"metadata\" controls=\"controls\"><source type=\"video\/mp4\" src=\"https:\/\/www.lejournalduforkane.com\/wp-content\/uploads\/2020\/08\/116382149_289624832327398_9176356335453818297_n.mp4?_=1\" \/><a href=\"https:\/\/www.lejournalduforkane.com\/wp-content\/uploads\/2020\/08\/116382149_289624832327398_9176356335453818297_n.mp4\">https:\/\/www.lejournalduforkane.com\/wp-content\/uploads\/2020\/08\/116382149_289624832327398_9176356335453818297_n.mp4<\/a><\/video><\/div>\n<\/div>\n<div dir=\"auto\" style=\"text-align: justify;\"><\/div>\n<div dir=\"auto\" style=\"text-align: justify;\"><img loading=\"lazy\" class=\"alignnone size-full wp-image-25121\" src=\"https:\/\/www.lejournalduforkane.com\/wp-content\/uploads\/2020\/08\/aides-iranienne.jpg\" alt=\"aides iranienne\" width=\"988\" height=\"569\" srcset=\"https:\/\/www.lejournalduforkane.com\/wp-content\/uploads\/2020\/08\/aides-iranienne.jpg 988w, https:\/\/www.lejournalduforkane.com\/wp-content\/uploads\/2020\/08\/aides-iranienne-300x173.jpg 300w, https:\/\/www.lejournalduforkane.com\/wp-content\/uploads\/2020\/08\/aides-iranienne-768x442.jpg 768w\" sizes=\"(max-width: 988px) 100vw, 988px\" \/><\/div>\n<div class=\"o9v6fnle cxmmr5t8 oygrvhab hcukyx3x c1et5uql\"><\/div>\n","protected":false},"excerpt":{"rendered":"La R\u00e9publique islamique d\u2019Iran a envoy\u00e9 aujourd\u2019hui des convois humanitaires qui contenaient des denr\u00e9es alimentaires, mat\u00e9riel m\u00e9dical pour les libanais. [video width=\"400\" height=\"224\" mp4=\"https:\/\/www.lejournalduforkane.com\/wp-content\/uploads\/2020\/08\/116382149_289624832327398_9176356335453818297_n.mp4\"][\/video]","protected":false},"author":2,"featured_media":0,"comment_status":"closed","ping_status":"open","sticky":false,"template":"","format":"standard","meta":[],"categories":[],"tags":[],"_links":{"self":[{"href":"https:\/\/www.lejournalduforkane.com\/index.php\/wp-json\/wp\/v2\/posts\/25120"}],"collection":[{"href":"https:\/\/www.lejournalduforkane.com\/index.php\/wp-json\/wp\/v2\/posts"}],"about":[{"href":"https:\/\/www.lejournalduforkane.com\/index.php\/wp-json\/wp\/v2\/types\/post"}],"author":[{"embeddable":true,"href":"https:\/\/www.lejournalduforkane.com\/index.php\/wp-json\/wp\/v2\/users\/2"}],"replies":[{"embeddable":true,"href":"https:\/\/www.lejournalduforkane.com\/index.php\/wp-json\/wp\/v2\/comments?post=25120"}],"version-history":[{"count":1,"href":"https:\/\/www.lejournalduforkane.com\/index.php\/wp-json\/wp\/v2\/posts\/25120\/revisions"}],"predecessor-version":[{"id":25123,"href":"https:\/\/www.lejournalduforkane.com\/index.php\/wp-json\/wp\/v2\/posts\/25120\/revisions\/25123"}],"wp:attachment":[{"href":"https:\/\/www.lejournalduforkane.com\/index.php\/wp-json\/wp\/v2\/media?parent=25120"}],"wp:term":[{"taxonomy":"category","embeddable":true,"href":"https:\/\/www.lejournalduforkane.com\/index.php\/wp-json\/wp\/v2\/categories?post=25120"},{"taxonomy":"post_tag","embeddable":true,"href":"https:\/\/www.lejournalduforkane.com\/index.php\/wp-json\/wp\/v2\/tags?post=25120"}],"curies":[{"name":"wp","href":"https:\/\/api.w.org\/{rel}","templated":true}]}}