
{"id":25132,"date":"2020-08-06T18:02:32","date_gmt":"2020-08-06T18:02:32","guid":{"rendered":"https:\/\/www.lejournalduforkane.com\/?p=25132"},"modified":"2020-08-06T18:02:32","modified_gmt":"2020-08-06T18:02:32","slug":"video-comment-2-750-tonnes-de-nitrate-dammonium-ont-ete-abandonnees-6-ans-dans-le-port-de-beyrouth-reportages-dal-mayadeen-chaine-tv-libanaise-et-de-cnn-le-5-aout-2020","status":"publish","type":"post","link":"https:\/\/www.lejournalduforkane.com\/index.php\/video-comment-2-750-tonnes-de-nitrate-dammonium-ont-ete-abandonnees-6-ans-dans-le-port-de-beyrouth-reportages-dal-mayadeen-chaine-tv-libanaise-et-de-cnn-le-5-aout-2020\/","title":{"rendered":"Vid\u00e9o : Comment 2 750 tonnes de nitrate d\u2019ammonium ont \u00e9t\u00e9 abandonn\u00e9es 6 ans dans le port de Beyrouth Reportages d\u2019Al-Mayadeen, cha\u00eene TV libanaise, et de CNN, le 5 ao\u00fbt 2020."},"content":{"rendered":"<p><!--more--><\/p>\n<div class=\"kvgmc6g5 cxmmr5t8 oygrvhab hcukyx3x c1et5uql ii04i59q\">\n<div dir=\"auto\">Vid\u00e9o : Comment 2 750 tonnes de nitrate d\u2019ammonium ont \u00e9t\u00e9 abandonn\u00e9es 6 ans dans le port de Beyrouth<\/div>\n<\/div>\n<div class=\"o9v6fnle cxmmr5t8 oygrvhab hcukyx3x c1et5uql ii04i59q\">\n<div dir=\"auto\">Reportages d\u2019Al-Mayadeen, cha\u00eene TV libanaise, et de CNN, le 5 ao\u00fbt 2020.<\/div>\n<\/div>\n<div dir=\"auto\"><\/div>\n<div style=\"position: relative; padding-bottom: 56.25%; height: 0; overflow: hidden;\"><iframe loading=\"lazy\" style=\"width: 100%; height: 100%; position: absolute; left: 0px; top: 0px; overflow: hidden;\" src=\"https:\/\/www.dailymotion.com\/embed\/video\/x7vf3bz\" width=\"100%\" height=\"100%\" frameborder=\"0\" allowfullscreen=\"allowfullscreen\"> <\/iframe><\/div>\n<div style=\"position: relative; padding-bottom: 56.25%; height: 0; overflow: hidden;\"><img loading=\"lazy\" class=\"alignnone size-full wp-image-25133\" src=\"https:\/\/www.lejournalduforkane.com\/wp-content\/uploads\/2020\/08\/Comment-2-750-tonnes-de-nitrate-d\u2019ammonium-ont-\u00e9t\u00e9-abandonn\u00e9es-6-ans-dans-le-port-de-Beyrouth.jpg\" alt=\"Comment 2 750 tonnes de nitrate d\u2019ammonium ont \u00e9t\u00e9 abandonn\u00e9es 6 ans dans le port de Beyrouth\" width=\"500\" height=\"260\" srcset=\"https:\/\/www.lejournalduforkane.com\/wp-content\/uploads\/2020\/08\/Comment-2-750-tonnes-de-nitrate-d\u2019ammonium-ont-\u00e9t\u00e9-abandonn\u00e9es-6-ans-dans-le-port-de-Beyrouth.jpg 500w, https:\/\/www.lejournalduforkane.com\/wp-content\/uploads\/2020\/08\/Comment-2-750-tonnes-de-nitrate-d\u2019ammonium-ont-\u00e9t\u00e9-abandonn\u00e9es-6-ans-dans-le-port-de-Beyrouth-300x156.jpg 300w\" sizes=\"(max-width: 500px) 100vw, 500px\" \/><\/div>\n","protected":false},"excerpt":{"rendered":"Vid\u00e9o : Comment 2 750 tonnes de nitrate d\u2019ammonium ont \u00e9t\u00e9 abandonn\u00e9es 6 ans dans le port de Beyrouth Reportages d\u2019Al-Mayadeen, cha\u00eene TV libanaise, et de CNN, le 5 ao\u00fbt","protected":false},"author":2,"featured_media":0,"comment_status":"closed","ping_status":"open","sticky":false,"template":"","format":"standard","meta":[],"categories":[],"tags":[],"_links":{"self":[{"href":"https:\/\/www.lejournalduforkane.com\/index.php\/wp-json\/wp\/v2\/posts\/25132"}],"collection":[{"href":"https:\/\/www.lejournalduforkane.com\/index.php\/wp-json\/wp\/v2\/posts"}],"about":[{"href":"https:\/\/www.lejournalduforkane.com\/index.php\/wp-json\/wp\/v2\/types\/post"}],"author":[{"embeddable":true,"href":"https:\/\/www.lejournalduforkane.com\/index.php\/wp-json\/wp\/v2\/users\/2"}],"replies":[{"embeddable":true,"href":"https:\/\/www.lejournalduforkane.com\/index.php\/wp-json\/wp\/v2\/comments?post=25132"}],"version-history":[{"count":2,"href":"https:\/\/www.lejournalduforkane.com\/index.php\/wp-json\/wp\/v2\/posts\/25132\/revisions"}],"predecessor-version":[{"id":25135,"href":"https:\/\/www.lejournalduforkane.com\/index.php\/wp-json\/wp\/v2\/posts\/25132\/revisions\/25135"}],"wp:attachment":[{"href":"https:\/\/www.lejournalduforkane.com\/index.php\/wp-json\/wp\/v2\/media?parent=25132"}],"wp:term":[{"taxonomy":"category","embeddable":true,"href":"https:\/\/www.lejournalduforkane.com\/index.php\/wp-json\/wp\/v2\/categories?post=25132"},{"taxonomy":"post_tag","embeddable":true,"href":"https:\/\/www.lejournalduforkane.com\/index.php\/wp-json\/wp\/v2\/tags?post=25132"}],"curies":[{"name":"wp","href":"https:\/\/api.w.org\/{rel}","templated":true}]}}