
{"id":25176,"date":"2020-08-17T08:40:56","date_gmt":"2020-08-17T08:40:56","guid":{"rendered":"https:\/\/www.lejournalduforkane.com\/?p=25176"},"modified":"2020-08-20T08:43:36","modified_gmt":"2020-08-20T08:43:36","slug":"nasrallah-si-israel-est-responsable-de-lexplosion-a-beyrouth-notre-riposte-sera-devastatrice","status":"publish","type":"post","link":"https:\/\/www.lejournalduforkane.com\/index.php\/nasrallah-si-israel-est-responsable-de-lexplosion-a-beyrouth-notre-riposte-sera-devastatrice\/","title":{"rendered":"Nasrallah : \u00ab\u00a0Si Isra\u00ebl est responsable de l\u2019explosion \u00e0 Beyrouth, notre riposte sera d\u00e9vastatrice\u00a0\u00bb"},"content":{"rendered":"<p style=\"text-align: justify;\"><!--more--><\/p>\n<p style=\"text-align: justify;\">Discours du Secr\u00e9taire G\u00e9n\u00e9ral du Hezbollah, Sayed Hassan Nasrallah, le 14 ao\u00fbt 2020, \u00e0 l\u2019occasion de la c\u00e9l\u00e9bration du 14e anniversaire de la victoire de 2006.<\/p>\n<div style=\"position: relative; padding-bottom: 56.25%; height: 0; overflow: hidden;\"><iframe loading=\"lazy\" style=\"width: 100%; height: 100%; position: absolute; left: 0px; top: 0px; overflow: hidden;\" src=\"https:\/\/www.dailymotion.com\/embed\/video\/x7vlun0\" width=\"100%\" height=\"100%\" frameborder=\"0\" allowfullscreen=\"allowfullscreen\"> <\/iframe><\/div>\n<div class=\"kvgmc6g5 cxmmr5t8 oygrvhab hcukyx3x c1et5uql ii04i59q\">\n<div dir=\"auto\" style=\"text-align: justify;\"><img loading=\"lazy\" class=\"alignnone size-full wp-image-25177\" src=\"https:\/\/www.lejournalduforkane.com\/wp-content\/uploads\/2020\/08\/Si-Isra\u00ebl-est-responsable-de-l\u2019explosion-\u00e0-Beyrouth-notre-riposte-sera-d\u00e9vastatrice.jpg\" alt=\"Si Isra\u00ebl est responsable de l\u2019explosion \u00e0 Beyrouth, notre riposte sera d\u00e9vastatrice\" width=\"500\" height=\"261\" srcset=\"https:\/\/www.lejournalduforkane.com\/wp-content\/uploads\/2020\/08\/Si-Isra\u00ebl-est-responsable-de-l\u2019explosion-\u00e0-Beyrouth-notre-riposte-sera-d\u00e9vastatrice.jpg 500w, https:\/\/www.lejournalduforkane.com\/wp-content\/uploads\/2020\/08\/Si-Isra\u00ebl-est-responsable-de-l\u2019explosion-\u00e0-Beyrouth-notre-riposte-sera-d\u00e9vastatrice-300x157.jpg 300w\" sizes=\"(max-width: 500px) 100vw, 500px\" \/><\/div>\n<div dir=\"auto\" style=\"text-align: justify;\"><\/div>\n<\/div>\n<div class=\"o9v6fnle cxmmr5t8 oygrvhab hcukyx3x c1et5uql ii04i59q\"><\/div>\n","protected":false},"excerpt":{"rendered":"Discours du Secr\u00e9taire G\u00e9n\u00e9ral du Hezbollah, Sayed Hassan Nasrallah, le 14 ao\u00fbt 2020, \u00e0 l\u2019occasion de la c\u00e9l\u00e9bration du 14e anniversaire de la victoire de 2006.","protected":false},"author":2,"featured_media":0,"comment_status":"closed","ping_status":"open","sticky":false,"template":"","format":"standard","meta":[],"categories":[],"tags":[],"_links":{"self":[{"href":"https:\/\/www.lejournalduforkane.com\/index.php\/wp-json\/wp\/v2\/posts\/25176"}],"collection":[{"href":"https:\/\/www.lejournalduforkane.com\/index.php\/wp-json\/wp\/v2\/posts"}],"about":[{"href":"https:\/\/www.lejournalduforkane.com\/index.php\/wp-json\/wp\/v2\/types\/post"}],"author":[{"embeddable":true,"href":"https:\/\/www.lejournalduforkane.com\/index.php\/wp-json\/wp\/v2\/users\/2"}],"replies":[{"embeddable":true,"href":"https:\/\/www.lejournalduforkane.com\/index.php\/wp-json\/wp\/v2\/comments?post=25176"}],"version-history":[{"count":1,"href":"https:\/\/www.lejournalduforkane.com\/index.php\/wp-json\/wp\/v2\/posts\/25176\/revisions"}],"predecessor-version":[{"id":25178,"href":"https:\/\/www.lejournalduforkane.com\/index.php\/wp-json\/wp\/v2\/posts\/25176\/revisions\/25178"}],"wp:attachment":[{"href":"https:\/\/www.lejournalduforkane.com\/index.php\/wp-json\/wp\/v2\/media?parent=25176"}],"wp:term":[{"taxonomy":"category","embeddable":true,"href":"https:\/\/www.lejournalduforkane.com\/index.php\/wp-json\/wp\/v2\/categories?post=25176"},{"taxonomy":"post_tag","embeddable":true,"href":"https:\/\/www.lejournalduforkane.com\/index.php\/wp-json\/wp\/v2\/tags?post=25176"}],"curies":[{"name":"wp","href":"https:\/\/api.w.org\/{rel}","templated":true}]}}