
{"id":25185,"date":"2020-08-17T16:35:51","date_gmt":"2020-08-17T16:35:51","guid":{"rendered":"https:\/\/www.lejournalduforkane.com\/?p=25185"},"modified":"2020-08-24T16:42:42","modified_gmt":"2020-08-24T16:42:42","slug":"video-premieres-scenes-daffrontement-entre-larmee-syrienne-et-larmee-americaine","status":"publish","type":"post","link":"https:\/\/www.lejournalduforkane.com\/index.php\/video-premieres-scenes-daffrontement-entre-larmee-syrienne-et-larmee-americaine\/","title":{"rendered":"VID\u00c9O : Premi\u00e8res sc\u00e8nes d&rsquo;affrontement entre l&rsquo;arm\u00e9e syrienne et l&rsquo;arm\u00e9e am\u00e9ricaine"},"content":{"rendered":"<p><!--more--><\/p>\n<div class=\"kvgmc6g5 cxmmr5t8 oygrvhab hcukyx3x c1et5uql ii04i59q\">\n<div dir=\"auto\">L&rsquo;arm\u00e9e arabe syrienne (AAS) et l&rsquo;arm\u00e9e am\u00e9ricaine ont \u00e9t\u00e9 impliqu\u00e9es lundi dans un bref affrontement dans le gouvernorat du nord-est d&rsquo;Al-Hasakah.\u00a0\u00a0<img loading=\"lazy\" class=\" wp-image-25186 alignright\" src=\"https:\/\/www.lejournalduforkane.com\/wp-content\/uploads\/2020\/08\/Premi\u00e8res-sc\u00e8nes-daffrontement-entre-larm\u00e9e-syrienne-et-larm\u00e9e-am\u00e9ricaine.jpg\" alt=\"Premi\u00e8res sc\u00e8nes d'affrontement entre l'arm\u00e9e syrienne et l'arm\u00e9e am\u00e9ricaine\" width=\"240\" height=\"125\" srcset=\"https:\/\/www.lejournalduforkane.com\/wp-content\/uploads\/2020\/08\/Premi\u00e8res-sc\u00e8nes-daffrontement-entre-larm\u00e9e-syrienne-et-larm\u00e9e-am\u00e9ricaine.jpg 500w, https:\/\/www.lejournalduforkane.com\/wp-content\/uploads\/2020\/08\/Premi\u00e8res-sc\u00e8nes-daffrontement-entre-larm\u00e9e-syrienne-et-larm\u00e9e-am\u00e9ricaine-300x156.jpg 300w\" sizes=\"(max-width: 240px) 100vw, 240px\" \/><\/div>\n<div dir=\"auto\"><\/div>\n<\/div>\n<div class=\"o9v6fnle cxmmr5t8 oygrvhab hcukyx3x c1et5uql ii04i59q\">\n<div dir=\"auto\">Selon un rapport de terrain du gouvernorat d&rsquo;Al-Hasakah, l&rsquo;arm\u00e9e am\u00e9ricaine a tent\u00e9 de contourner le \u00abpoint de contr\u00f4le de Rasho\u00bb de l&rsquo;arm\u00e9e syrienne, quand on leur a ordonn\u00e9 de faire demi-tour.<\/div>\n<div dir=\"auto\"><\/div>\n<\/div>\n<div class=\"o9v6fnle cxmmr5t8 oygrvhab hcukyx3x c1et5uql ii04i59q\">\n<div dir=\"auto\">La Coalition am\u00e9ricaine et l&rsquo;arm\u00e9e syrienne ont \u00e9chang\u00e9 des mots, puis les deux parties ont \u00e9chang\u00e9 des coups de feu.<\/div>\n<div dir=\"auto\"><\/div>\n<\/div>\n<div class=\"o9v6fnle cxmmr5t8 oygrvhab hcukyx3x c1et5uql ii04i59q\">\n<div dir=\"auto\">\u00c0 la suite de cette attaque, un soldat de l&rsquo;arm\u00e9e arabe syrienne a \u00e9t\u00e9 tu\u00e9 et deux autres bless\u00e9s; ils ont \u00e9t\u00e9 transf\u00e9r\u00e9s \u00e0 l&rsquo;h\u00f4pital national d&rsquo;Al-Qamishli.<\/div>\n<div dir=\"auto\"><\/div>\n<\/div>\n<div class=\"o9v6fnle cxmmr5t8 oygrvhab hcukyx3x c1et5uql ii04i59q\">\n<div dir=\"auto\">Aucune victime n&rsquo;a \u00e9t\u00e9 signal\u00e9e par l&rsquo;arm\u00e9e am\u00e9ricaine, malgr\u00e9 les affirmations d&rsquo;activistes locaux.<\/div>\n<\/div>\n<div dir=\"auto\"><\/div>\n<p><iframe loading=\"lazy\" src=\"https:\/\/www.youtube.com\/embed\/mklHqvjkGx8\" width=\"560\" height=\"315\" frameborder=\"0\" allowfullscreen=\"allowfullscreen\"><\/iframe><\/p>\n","protected":false},"excerpt":{"rendered":"L'arm\u00e9e arabe syrienne (AAS) et l'arm\u00e9e am\u00e9ricaine ont \u00e9t\u00e9 impliqu\u00e9es lundi dans un bref affrontement dans le gouvernorat du nord-est d'Al-Hasakah.\u00a0\u00a0 Selon un rapport de terrain du gouvernorat d'Al-Hasakah, l'arm\u00e9e","protected":false},"author":2,"featured_media":0,"comment_status":"closed","ping_status":"open","sticky":false,"template":"","format":"standard","meta":[],"categories":[],"tags":[],"_links":{"self":[{"href":"https:\/\/www.lejournalduforkane.com\/index.php\/wp-json\/wp\/v2\/posts\/25185"}],"collection":[{"href":"https:\/\/www.lejournalduforkane.com\/index.php\/wp-json\/wp\/v2\/posts"}],"about":[{"href":"https:\/\/www.lejournalduforkane.com\/index.php\/wp-json\/wp\/v2\/types\/post"}],"author":[{"embeddable":true,"href":"https:\/\/www.lejournalduforkane.com\/index.php\/wp-json\/wp\/v2\/users\/2"}],"replies":[{"embeddable":true,"href":"https:\/\/www.lejournalduforkane.com\/index.php\/wp-json\/wp\/v2\/comments?post=25185"}],"version-history":[{"count":1,"href":"https:\/\/www.lejournalduforkane.com\/index.php\/wp-json\/wp\/v2\/posts\/25185\/revisions"}],"predecessor-version":[{"id":25187,"href":"https:\/\/www.lejournalduforkane.com\/index.php\/wp-json\/wp\/v2\/posts\/25185\/revisions\/25187"}],"wp:attachment":[{"href":"https:\/\/www.lejournalduforkane.com\/index.php\/wp-json\/wp\/v2\/media?parent=25185"}],"wp:term":[{"taxonomy":"category","embeddable":true,"href":"https:\/\/www.lejournalduforkane.com\/index.php\/wp-json\/wp\/v2\/categories?post=25185"},{"taxonomy":"post_tag","embeddable":true,"href":"https:\/\/www.lejournalduforkane.com\/index.php\/wp-json\/wp\/v2\/tags?post=25185"}],"curies":[{"name":"wp","href":"https:\/\/api.w.org\/{rel}","templated":true}]}}