
{"id":25188,"date":"2020-08-21T16:44:20","date_gmt":"2020-08-21T16:44:20","guid":{"rendered":"https:\/\/www.lejournalduforkane.com\/?p=25188"},"modified":"2020-08-24T16:47:37","modified_gmt":"2020-08-24T16:47:37","slug":"video-liran-devoile-son-2e-missile-en-lhonneur-dabou-mahdi-al-mohandis","status":"publish","type":"post","link":"https:\/\/www.lejournalduforkane.com\/index.php\/video-liran-devoile-son-2e-missile-en-lhonneur-dabou-mahdi-al-mohandis\/","title":{"rendered":"VID\u00c9O : L&rsquo;Iran d\u00e9voile son 2e missile en l&rsquo;honneur d&rsquo;Abou Mahdi Al-Mohandis"},"content":{"rendered":"<p style=\"text-align: justify;\"><!--more--><\/p>\n<div class=\"kvgmc6g5 cxmmr5t8 oygrvhab hcukyx3x c1et5uql ii04i59q\" style=\"text-align: justify;\">\n<div dir=\"auto\">Jeudi, le minist\u00e8re iranien de la D\u00e9fense a annonc\u00e9 le d\u00e9veloppement d&rsquo;un nouveau missile, qu&rsquo;il a appel\u00e9 \u00abMartyr Abu Mahdi Al-Mohandis\u00bb, et a d\u00e9clar\u00e9 qu&rsquo;il avait une port\u00e9e de plus de 1 000 kilom\u00e8tres.\u00a0<img loading=\"lazy\" class=\"wp-image-25189 alignright\" src=\"https:\/\/www.lejournalduforkane.com\/wp-content\/uploads\/2020\/08\/LIran-d\u00e9voile-son-2e-missile-en-lhonneur-dAbou-Mahdi-Al-Mohandis.jpg\" alt=\"L'Iran d\u00e9voile son 2e missile en l'honneur d'Abou Mahdi Al-Mohandis\" width=\"290\" height=\"151\" srcset=\"https:\/\/www.lejournalduforkane.com\/wp-content\/uploads\/2020\/08\/LIran-d\u00e9voile-son-2e-missile-en-lhonneur-dAbou-Mahdi-Al-Mohandis.jpg 500w, https:\/\/www.lejournalduforkane.com\/wp-content\/uploads\/2020\/08\/LIran-d\u00e9voile-son-2e-missile-en-lhonneur-dAbou-Mahdi-Al-Mohandis-300x156.jpg 300w\" sizes=\"(max-width: 290px) 100vw, 290px\" \/><\/div>\n<div dir=\"auto\"><\/div>\n<\/div>\n<div class=\"o9v6fnle cxmmr5t8 oygrvhab hcukyx3x c1et5uql ii04i59q\" style=\"text-align: justify;\"><\/div>\n<div class=\"o9v6fnle cxmmr5t8 oygrvhab hcukyx3x c1et5uql ii04i59q\" style=\"text-align: justify;\">\n<div dir=\"auto\">Le minist\u00e8re a d\u00e9clar\u00e9 que le Martyr Abu Mahdi Al-Mohandis est un missile de croisi\u00e8re capable de contourner les syst\u00e8mes de d\u00e9fense, soulignant qu&rsquo;il est lanc\u00e9 depuis les profondeurs et sera bient\u00f4t fourni aux forces navales.<\/div>\n<\/div>\n<div class=\"o9v6fnle cxmmr5t8 oygrvhab hcukyx3x c1et5uql ii04i59q\">\n<div dir=\"auto\" style=\"text-align: justify;\">Il a \u00e9galement annonc\u00e9 avoir d\u00e9velopp\u00e9 le missile \u00abZulfiqar\u00bb, d&rsquo;une port\u00e9e de 1 400 km.<\/div>\n<\/div>\n<div dir=\"auto\" style=\"text-align: justify;\"><\/div>\n<div dir=\"auto\" style=\"text-align: justify;\"><\/div>\n<p><iframe loading=\"lazy\" src=\"https:\/\/www.youtube.com\/embed\/QKoALW2LhCE\" width=\"560\" height=\"315\" frameborder=\"0\" allowfullscreen=\"allowfullscreen\"><\/iframe><\/p>\n","protected":false},"excerpt":{"rendered":"Jeudi, le minist\u00e8re iranien de la D\u00e9fense a annonc\u00e9 le d\u00e9veloppement d'un nouveau missile, qu'il a appel\u00e9 \u00abMartyr Abu Mahdi Al-Mohandis\u00bb, et a d\u00e9clar\u00e9 qu'il avait une port\u00e9e de plus","protected":false},"author":2,"featured_media":0,"comment_status":"closed","ping_status":"open","sticky":false,"template":"","format":"standard","meta":[],"categories":[],"tags":[],"_links":{"self":[{"href":"https:\/\/www.lejournalduforkane.com\/index.php\/wp-json\/wp\/v2\/posts\/25188"}],"collection":[{"href":"https:\/\/www.lejournalduforkane.com\/index.php\/wp-json\/wp\/v2\/posts"}],"about":[{"href":"https:\/\/www.lejournalduforkane.com\/index.php\/wp-json\/wp\/v2\/types\/post"}],"author":[{"embeddable":true,"href":"https:\/\/www.lejournalduforkane.com\/index.php\/wp-json\/wp\/v2\/users\/2"}],"replies":[{"embeddable":true,"href":"https:\/\/www.lejournalduforkane.com\/index.php\/wp-json\/wp\/v2\/comments?post=25188"}],"version-history":[{"count":1,"href":"https:\/\/www.lejournalduforkane.com\/index.php\/wp-json\/wp\/v2\/posts\/25188\/revisions"}],"predecessor-version":[{"id":25190,"href":"https:\/\/www.lejournalduforkane.com\/index.php\/wp-json\/wp\/v2\/posts\/25188\/revisions\/25190"}],"wp:attachment":[{"href":"https:\/\/www.lejournalduforkane.com\/index.php\/wp-json\/wp\/v2\/media?parent=25188"}],"wp:term":[{"taxonomy":"category","embeddable":true,"href":"https:\/\/www.lejournalduforkane.com\/index.php\/wp-json\/wp\/v2\/categories?post=25188"},{"taxonomy":"post_tag","embeddable":true,"href":"https:\/\/www.lejournalduforkane.com\/index.php\/wp-json\/wp\/v2\/tags?post=25188"}],"curies":[{"name":"wp","href":"https:\/\/api.w.org\/{rel}","templated":true}]}}