
{"id":25191,"date":"2020-08-21T16:48:05","date_gmt":"2020-08-21T16:48:05","guid":{"rendered":"https:\/\/www.lejournalduforkane.com\/?p=25191"},"modified":"2020-08-24T16:50:42","modified_gmt":"2020-08-24T16:50:42","slug":"liran-annonce-la-saisie-du-navire-des-emirats-arabes-unis","status":"publish","type":"post","link":"https:\/\/www.lejournalduforkane.com\/index.php\/liran-annonce-la-saisie-du-navire-des-emirats-arabes-unis\/","title":{"rendered":"L&rsquo;Iran annonce la saisie du navire des \u00c9mirats arabes unis"},"content":{"rendered":"<p style=\"text-align: justify;\"><!--more--><\/p>\n<div class=\"kvgmc6g5 cxmmr5t8 oygrvhab hcukyx3x c1et5uql ii04i59q\" style=\"text-align: justify;\">\n<div dir=\"auto\">Le minist\u00e8re iranien des Affaires \u00e9trang\u00e8res a annonc\u00e9 que les \u00c9mirats arabes unis regrettaient l&rsquo;incident et qu&rsquo;ils \u00e9taient pr\u00eats \u00e0 indemniser les dommages.\u00a0<img loading=\"lazy\" class=\"wp-image-25192 alignright\" src=\"https:\/\/www.lejournalduforkane.com\/wp-content\/uploads\/2020\/08\/LIran-annonce-la-saisie-du-navire-des-\u00c9mirats-arabes-unis.jpg\" alt=\"L'Iran annonce la saisie du navire des \u00c9mirats arabes unis\" width=\"287\" height=\"182\" srcset=\"https:\/\/www.lejournalduforkane.com\/wp-content\/uploads\/2020\/08\/LIran-annonce-la-saisie-du-navire-des-\u00c9mirats-arabes-unis.jpg 741w, https:\/\/www.lejournalduforkane.com\/wp-content\/uploads\/2020\/08\/LIran-annonce-la-saisie-du-navire-des-\u00c9mirats-arabes-unis-300x190.jpg 300w\" sizes=\"(max-width: 287px) 100vw, 287px\" \/><\/div>\n<div dir=\"auto\"><\/div>\n<\/div>\n<div class=\"o9v6fnle cxmmr5t8 oygrvhab hcukyx3x c1et5uql ii04i59q\" style=\"text-align: justify;\"><\/div>\n<div class=\"o9v6fnle cxmmr5t8 oygrvhab hcukyx3x c1et5uql ii04i59q\" style=\"text-align: justify;\">\n<div dir=\"auto\">T\u00e9h\u00e9ran a d\u00e9clar\u00e9 qu&rsquo;il avait captur\u00e9 lundi un navire des \u00c9mirats arabes unis (EAU) et arr\u00eat\u00e9 son \u00e9quipage pour violation pr\u00e9sum\u00e9e des eaux territoriales iraniennes, selon la t\u00e9l\u00e9vision d&rsquo;\u00c9tat de la R\u00e9publique islamique.<\/div>\n<\/div>\n<div class=\"o9v6fnle cxmmr5t8 oygrvhab hcukyx3x c1et5uql ii04i59q\" style=\"text-align: justify;\">\n<div dir=\"auto\">Le m\u00e9dia a \u00e9galement cit\u00e9 le minist\u00e8re iranien des Affaires \u00e9trang\u00e8res qui a d\u00e9clar\u00e9 dans un communiqu\u00e9 que les EAU avaient exprim\u00e9 leurs regrets pour l&rsquo;incident et \u00e9taient pr\u00eats \u00e0 compenser les dommages.<\/div>\n<div dir=\"auto\"><\/div>\n<\/div>\n<div class=\"o9v6fnle cxmmr5t8 oygrvhab hcukyx3x c1et5uql ii04i59q\" style=\"text-align: justify;\">\n<div dir=\"auto\">L&rsquo;incident aurait vu les garde-c\u00f4tes des \u00c9mirats arabes unis tirer sur des bateaux iraniens et tuer lundi deux p\u00eacheurs iraniens.<\/div>\n<div dir=\"auto\"><\/div>\n<\/div>\n<div class=\"o9v6fnle cxmmr5t8 oygrvhab hcukyx3x c1et5uql ii04i59q\" style=\"text-align: justify;\">\n<div dir=\"auto\">\u00abLundi, un navire \u00e9mirati a \u00e9t\u00e9 saisi par les gardes-fronti\u00e8res iraniens et son \u00e9quipage a \u00e9t\u00e9 arr\u00eat\u00e9 en raison du trafic ill\u00e9gal dans les eaux de notre pays. Le m\u00eame jour, des gardes \u00e9miriens ont abattu deux p\u00eacheurs iraniens et ont saisi un bateau [\u2026]. Les \u00c9mirats arabes unis ont exprim\u00e9 leurs regrets pour l\u2019incident et dans une lettre de mercredi ont annonc\u00e9 qu\u2019ils \u00e9taient pr\u00eats \u00e0 verser des indemnit\u00e9s \u00bb, a soulign\u00e9 le communiqu\u00e9 du minist\u00e8re iranien des Affaires \u00e9trang\u00e8res.<\/div>\n<div dir=\"auto\"><\/div>\n<\/div>\n<div class=\"o9v6fnle cxmmr5t8 oygrvhab hcukyx3x c1et5uql ii04i59q\" style=\"text-align: justify;\">\n<div dir=\"auto\">Plus t\u00f4t jeudi, le minist\u00e8re aurait d\u00e9clar\u00e9 avoir convoqu\u00e9 un envoy\u00e9 des \u00c9mirats arabes unis pour le meurtre de p\u00eacheurs iraniens.<\/div>\n<div dir=\"auto\"><\/div>\n<\/div>\n<div class=\"o9v6fnle cxmmr5t8 oygrvhab hcukyx3x c1et5uql ii04i59q\" style=\"text-align: justify;\">\n<div dir=\"auto\">L\u2019agence de presse WAM, dirig\u00e9e par l\u2019\u00c9tat, a \u00e0 son tour rapport\u00e9 lundi que plusieurs bateaux de p\u00eache iraniens auraient p\u00e9n\u00e9tr\u00e9 dans les eaux des \u00c9mirats arabes unis pr\u00e8s de l\u2019\u00eele Sir Bu Nair, dans le golfe Persique.<\/div>\n<\/div>\n<div class=\"o9v6fnle cxmmr5t8 oygrvhab hcukyx3x c1et5uql ii04i59q\" style=\"text-align: justify;\">\n<div dir=\"auto\">Apr\u00e8s que les navires ne se soient pas arr\u00eat\u00e9s lorsqu&rsquo;on leur a ordonn\u00e9 de le faire, \u00ables r\u00e8gles d&rsquo;engagement ont \u00e9t\u00e9 appliqu\u00e9es\u00bb, a ajout\u00e9 WAM sans donner plus de d\u00e9tails.<\/div>\n<div dir=\"auto\"><\/div>\n<\/div>\n<div class=\"o9v6fnle cxmmr5t8 oygrvhab hcukyx3x c1et5uql ii04i59q\" style=\"text-align: justify;\">\n<div dir=\"auto\">Les d\u00e9veloppements sont intervenus apr\u00e8s un incident dans le Golfe fin juin, lorsque les garde-c\u00f4tes saoudiens ont tir\u00e9 des coups de semonce sur des bateaux iraniens qui refusaient de s&rsquo;arr\u00eater, a d\u00e9clar\u00e9 l&rsquo;agence de presse officielle SPA du pays.<\/div>\n<div dir=\"auto\"><\/div>\n<\/div>\n<div class=\"o9v6fnle cxmmr5t8 oygrvhab hcukyx3x c1et5uql ii04i59q\">\n<div dir=\"auto\" style=\"text-align: justify;\">Un porte-parole des garde-c\u00f4tes saoudiens a d\u00e9clar\u00e9 \u00e0 l&rsquo;\u00e9poque qu&rsquo;apr\u00e8s les coups de feu, les navires iraniens se sont retir\u00e9s, ajoutant que toute violation dans les eaux du royaume ne serait pas tol\u00e9r\u00e9e.<\/div>\n<\/div>\n","protected":false},"excerpt":{"rendered":"Le minist\u00e8re iranien des Affaires \u00e9trang\u00e8res a annonc\u00e9 que les \u00c9mirats arabes unis regrettaient l'incident et qu'ils \u00e9taient pr\u00eats \u00e0 indemniser les dommages.\u00a0 T\u00e9h\u00e9ran a d\u00e9clar\u00e9 qu'il avait captur\u00e9 lundi","protected":false},"author":2,"featured_media":0,"comment_status":"closed","ping_status":"open","sticky":false,"template":"","format":"standard","meta":[],"categories":[],"tags":[],"_links":{"self":[{"href":"https:\/\/www.lejournalduforkane.com\/index.php\/wp-json\/wp\/v2\/posts\/25191"}],"collection":[{"href":"https:\/\/www.lejournalduforkane.com\/index.php\/wp-json\/wp\/v2\/posts"}],"about":[{"href":"https:\/\/www.lejournalduforkane.com\/index.php\/wp-json\/wp\/v2\/types\/post"}],"author":[{"embeddable":true,"href":"https:\/\/www.lejournalduforkane.com\/index.php\/wp-json\/wp\/v2\/users\/2"}],"replies":[{"embeddable":true,"href":"https:\/\/www.lejournalduforkane.com\/index.php\/wp-json\/wp\/v2\/comments?post=25191"}],"version-history":[{"count":1,"href":"https:\/\/www.lejournalduforkane.com\/index.php\/wp-json\/wp\/v2\/posts\/25191\/revisions"}],"predecessor-version":[{"id":25193,"href":"https:\/\/www.lejournalduforkane.com\/index.php\/wp-json\/wp\/v2\/posts\/25191\/revisions\/25193"}],"wp:attachment":[{"href":"https:\/\/www.lejournalduforkane.com\/index.php\/wp-json\/wp\/v2\/media?parent=25191"}],"wp:term":[{"taxonomy":"category","embeddable":true,"href":"https:\/\/www.lejournalduforkane.com\/index.php\/wp-json\/wp\/v2\/categories?post=25191"},{"taxonomy":"post_tag","embeddable":true,"href":"https:\/\/www.lejournalduforkane.com\/index.php\/wp-json\/wp\/v2\/tags?post=25191"}],"curies":[{"name":"wp","href":"https:\/\/api.w.org\/{rel}","templated":true}]}}