
{"id":25210,"date":"2020-08-23T17:04:38","date_gmt":"2020-08-23T17:04:38","guid":{"rendered":"https:\/\/www.lejournalduforkane.com\/?p=25210"},"modified":"2020-08-24T17:06:16","modified_gmt":"2020-08-24T17:06:16","slug":"video-des-combats-rapproches-en-face-a-face-et-directs-entre-les-combattants-de-larmee-yemenite-et-des-comites-populaires-dune-part-et-les-organisations-terroristes-dal-qaida-et-de-daech-a","status":"publish","type":"post","link":"https:\/\/www.lejournalduforkane.com\/index.php\/video-des-combats-rapproches-en-face-a-face-et-directs-entre-les-combattants-de-larmee-yemenite-et-des-comites-populaires-dune-part-et-les-organisations-terroristes-dal-qaida-et-de-daech-a\/","title":{"rendered":"Vid\u00e9o : Des combats rapproch\u00e9s, en face-\u00e0-face et directs entre les combattants de l&rsquo;arm\u00e9e y\u00e9m\u00e9nite et des comit\u00e9s populaires d&rsquo;une part.. et les organisations terroristes d&rsquo;al-qaida et de daech, appuy\u00e9s par la coalition saoudienne et l&rsquo;occident d&rsquo;autre part.. \u00e0 al-Bayda.."},"content":{"rendered":"<p><!--more--><\/p>\n<p>Vid\u00e9o : Des combats rapproch\u00e9s, en face-\u00e0-face et directs entre les combattants de l&rsquo;arm\u00e9e y\u00e9m\u00e9nite et des comit\u00e9s populaires d&rsquo;une part.. et les organisations terroristes d&rsquo;al-qaida et de daech, appuy\u00e9s par la coalition saoudienne et l&rsquo;occident d&rsquo;autre part.. \u00e0 al-Bayda..<\/p>\n<p><iframe loading=\"lazy\" src=\"https:\/\/www.youtube.com\/embed\/DJwtbEL7xBI\" width=\"560\" height=\"315\" frameborder=\"0\" allowfullscreen=\"allowfullscreen\"><\/iframe><\/p>\n<p>&nbsp;<\/p>\n<p><img loading=\"lazy\" class=\"alignnone size-full wp-image-25211\" src=\"https:\/\/www.lejournalduforkane.com\/wp-content\/uploads\/2020\/08\/Des-combats-rapproch\u00e9s-en-face-\u00e0-face-et-directs-entre-les-combattants-de-larm\u00e9e-y\u00e9m\u00e9nite-et-des-comit\u00e9s-populaires-dune-part..jpg\" alt=\"Des combats rapproch\u00e9s, en face-\u00e0-face et directs entre les combattants de l'arm\u00e9e y\u00e9m\u00e9nite et des comit\u00e9s populaires d'une part.\" width=\"500\" height=\"260\" srcset=\"https:\/\/www.lejournalduforkane.com\/wp-content\/uploads\/2020\/08\/Des-combats-rapproch\u00e9s-en-face-\u00e0-face-et-directs-entre-les-combattants-de-larm\u00e9e-y\u00e9m\u00e9nite-et-des-comit\u00e9s-populaires-dune-part..jpg 500w, https:\/\/www.lejournalduforkane.com\/wp-content\/uploads\/2020\/08\/Des-combats-rapproch\u00e9s-en-face-\u00e0-face-et-directs-entre-les-combattants-de-larm\u00e9e-y\u00e9m\u00e9nite-et-des-comit\u00e9s-populaires-dune-part.-300x156.jpg 300w\" sizes=\"(max-width: 500px) 100vw, 500px\" \/><\/p>\n","protected":false},"excerpt":{"rendered":"Vid\u00e9o : Des combats rapproch\u00e9s, en face-\u00e0-face et directs entre les combattants de l'arm\u00e9e y\u00e9m\u00e9nite et des comit\u00e9s populaires d'une part.. et les organisations terroristes d'al-qaida et de daech, appuy\u00e9s","protected":false},"author":2,"featured_media":0,"comment_status":"closed","ping_status":"open","sticky":false,"template":"","format":"standard","meta":[],"categories":[],"tags":[],"_links":{"self":[{"href":"https:\/\/www.lejournalduforkane.com\/index.php\/wp-json\/wp\/v2\/posts\/25210"}],"collection":[{"href":"https:\/\/www.lejournalduforkane.com\/index.php\/wp-json\/wp\/v2\/posts"}],"about":[{"href":"https:\/\/www.lejournalduforkane.com\/index.php\/wp-json\/wp\/v2\/types\/post"}],"author":[{"embeddable":true,"href":"https:\/\/www.lejournalduforkane.com\/index.php\/wp-json\/wp\/v2\/users\/2"}],"replies":[{"embeddable":true,"href":"https:\/\/www.lejournalduforkane.com\/index.php\/wp-json\/wp\/v2\/comments?post=25210"}],"version-history":[{"count":1,"href":"https:\/\/www.lejournalduforkane.com\/index.php\/wp-json\/wp\/v2\/posts\/25210\/revisions"}],"predecessor-version":[{"id":25212,"href":"https:\/\/www.lejournalduforkane.com\/index.php\/wp-json\/wp\/v2\/posts\/25210\/revisions\/25212"}],"wp:attachment":[{"href":"https:\/\/www.lejournalduforkane.com\/index.php\/wp-json\/wp\/v2\/media?parent=25210"}],"wp:term":[{"taxonomy":"category","embeddable":true,"href":"https:\/\/www.lejournalduforkane.com\/index.php\/wp-json\/wp\/v2\/categories?post=25210"},{"taxonomy":"post_tag","embeddable":true,"href":"https:\/\/www.lejournalduforkane.com\/index.php\/wp-json\/wp\/v2\/tags?post=25210"}],"curies":[{"name":"wp","href":"https:\/\/api.w.org\/{rel}","templated":true}]}}