
{"id":25235,"date":"2020-08-30T16:32:41","date_gmt":"2020-08-30T16:32:41","guid":{"rendered":"https:\/\/www.lejournalduforkane.com\/?p=25235"},"modified":"2020-09-02T17:34:05","modified_gmt":"2020-09-02T17:34:05","slug":"nasrallah-israel-participe-aux-frappes-contre-le-yemen","status":"publish","type":"post","link":"https:\/\/www.lejournalduforkane.com\/index.php\/nasrallah-israel-participe-aux-frappes-contre-le-yemen\/","title":{"rendered":"Nasrallah : Isra\u00ebl participe aux frappes contre le Y\u00e9men"},"content":{"rendered":"<p><!--more--><\/p>\n<div class=\"kvgmc6g5 cxmmr5t8 oygrvhab hcukyx3x c1et5uql ii04i59q\">\n<div dir=\"auto\">Discours du Secr\u00e9taire G\u00e9n\u00e9ral du Hezbollah, Sayed Hassan Nasrallah, le 23 juin 2018.<\/div>\n<\/div>\n<div dir=\"auto\"><\/div>\n<div class=\"o9v6fnle cxmmr5t8 oygrvhab hcukyx3x c1et5uql ii04i59q\"><\/div>\n<div style=\"position: relative; padding-bottom: 56.25%; height: 0; overflow: hidden;\"><iframe loading=\"lazy\" style=\"width: 100%; height: 100%; position: absolute; left: 0px; top: 0px; overflow: hidden;\" src=\"https:\/\/www.dailymotion.com\/embed\/video\/x7vrli7\" width=\"100%\" height=\"100%\" frameborder=\"0\" allowfullscreen=\"allowfullscreen\"> <\/iframe><\/div>\n<div style=\"position: relative; padding-bottom: 56.25%; height: 0; overflow: hidden;\"><img loading=\"lazy\" class=\"alignnone size-full wp-image-25236\" src=\"https:\/\/www.lejournalduforkane.com\/wp-content\/uploads\/2020\/09\/Isra\u00ebl-participe-aux-frappes-contre-le-Y\u00e9men.jpg\" alt=\"Isra\u00ebl participe aux frappes contre le Y\u00e9men\" width=\"500\" height=\"260\" srcset=\"https:\/\/www.lejournalduforkane.com\/wp-content\/uploads\/2020\/09\/Isra\u00ebl-participe-aux-frappes-contre-le-Y\u00e9men.jpg 500w, https:\/\/www.lejournalduforkane.com\/wp-content\/uploads\/2020\/09\/Isra\u00ebl-participe-aux-frappes-contre-le-Y\u00e9men-300x156.jpg 300w\" sizes=\"(max-width: 500px) 100vw, 500px\" \/><\/div>\n","protected":false},"excerpt":{"rendered":"Discours du Secr\u00e9taire G\u00e9n\u00e9ral du Hezbollah, Sayed Hassan Nasrallah, le 23 juin 2018.","protected":false},"author":2,"featured_media":0,"comment_status":"closed","ping_status":"open","sticky":false,"template":"","format":"standard","meta":[],"categories":[],"tags":[],"_links":{"self":[{"href":"https:\/\/www.lejournalduforkane.com\/index.php\/wp-json\/wp\/v2\/posts\/25235"}],"collection":[{"href":"https:\/\/www.lejournalduforkane.com\/index.php\/wp-json\/wp\/v2\/posts"}],"about":[{"href":"https:\/\/www.lejournalduforkane.com\/index.php\/wp-json\/wp\/v2\/types\/post"}],"author":[{"embeddable":true,"href":"https:\/\/www.lejournalduforkane.com\/index.php\/wp-json\/wp\/v2\/users\/2"}],"replies":[{"embeddable":true,"href":"https:\/\/www.lejournalduforkane.com\/index.php\/wp-json\/wp\/v2\/comments?post=25235"}],"version-history":[{"count":1,"href":"https:\/\/www.lejournalduforkane.com\/index.php\/wp-json\/wp\/v2\/posts\/25235\/revisions"}],"predecessor-version":[{"id":25237,"href":"https:\/\/www.lejournalduforkane.com\/index.php\/wp-json\/wp\/v2\/posts\/25235\/revisions\/25237"}],"wp:attachment":[{"href":"https:\/\/www.lejournalduforkane.com\/index.php\/wp-json\/wp\/v2\/media?parent=25235"}],"wp:term":[{"taxonomy":"category","embeddable":true,"href":"https:\/\/www.lejournalduforkane.com\/index.php\/wp-json\/wp\/v2\/categories?post=25235"},{"taxonomy":"post_tag","embeddable":true,"href":"https:\/\/www.lejournalduforkane.com\/index.php\/wp-json\/wp\/v2\/tags?post=25235"}],"curies":[{"name":"wp","href":"https:\/\/api.w.org\/{rel}","templated":true}]}}