
{"id":25238,"date":"2020-08-30T15:34:31","date_gmt":"2020-08-30T15:34:31","guid":{"rendered":"https:\/\/www.lejournalduforkane.com\/?p=25238"},"modified":"2020-09-02T17:35:29","modified_gmt":"2020-09-02T17:35:29","slug":"frappes-au-sud-liban-les-medias-israeliens-denoncent-les-actions-de-larmee","status":"publish","type":"post","link":"https:\/\/www.lejournalduforkane.com\/index.php\/frappes-au-sud-liban-les-medias-israeliens-denoncent-les-actions-de-larmee\/","title":{"rendered":"Frappes au sud-Liban : les m\u00e9dias isra\u00e9liens d\u00e9noncent les actions de l&rsquo;arm\u00e9e"},"content":{"rendered":"<p><!--more--><\/p>\n<div style=\"position:relative;padding-bottom:56.25%;height:0;overflow:hidden;\"> <iframe loading=\"lazy\" style=\"width:100%;height:100%;position:absolute;left:0px;top:0px;overflow:hidden\" frameborder=\"0\" type=\"text\/html\" src=\"https:\/\/www.dailymotion.com\/embed\/video\/x7vuenk\" width=\"100%\" height=\"100%\" allowfullscreen > <\/iframe> <\/div>\n<p><img loading=\"lazy\" src=\"https:\/\/www.lejournalduforkane.com\/wp-content\/uploads\/2020\/09\/les-m\u00e9dias-isra\u00e9liens-d\u00e9noncent-les-actions-de-larm\u00e9.jpg\" alt=\"les m\u00e9dias isra\u00e9liens d\u00e9noncent les actions de l&#039;arm\u00e9\" width=\"500\" height=\"260\" class=\"alignnone size-full wp-image-25239\" srcset=\"https:\/\/www.lejournalduforkane.com\/wp-content\/uploads\/2020\/09\/les-m\u00e9dias-isra\u00e9liens-d\u00e9noncent-les-actions-de-larm\u00e9.jpg 500w, https:\/\/www.lejournalduforkane.com\/wp-content\/uploads\/2020\/09\/les-m\u00e9dias-isra\u00e9liens-d\u00e9noncent-les-actions-de-larm\u00e9-300x156.jpg 300w\" sizes=\"(max-width: 500px) 100vw, 500px\" \/><\/p>\n","protected":false},"excerpt":{"rendered":"","protected":false},"author":2,"featured_media":0,"comment_status":"closed","ping_status":"open","sticky":false,"template":"","format":"standard","meta":[],"categories":[],"tags":[],"_links":{"self":[{"href":"https:\/\/www.lejournalduforkane.com\/index.php\/wp-json\/wp\/v2\/posts\/25238"}],"collection":[{"href":"https:\/\/www.lejournalduforkane.com\/index.php\/wp-json\/wp\/v2\/posts"}],"about":[{"href":"https:\/\/www.lejournalduforkane.com\/index.php\/wp-json\/wp\/v2\/types\/post"}],"author":[{"embeddable":true,"href":"https:\/\/www.lejournalduforkane.com\/index.php\/wp-json\/wp\/v2\/users\/2"}],"replies":[{"embeddable":true,"href":"https:\/\/www.lejournalduforkane.com\/index.php\/wp-json\/wp\/v2\/comments?post=25238"}],"version-history":[{"count":1,"href":"https:\/\/www.lejournalduforkane.com\/index.php\/wp-json\/wp\/v2\/posts\/25238\/revisions"}],"predecessor-version":[{"id":25240,"href":"https:\/\/www.lejournalduforkane.com\/index.php\/wp-json\/wp\/v2\/posts\/25238\/revisions\/25240"}],"wp:attachment":[{"href":"https:\/\/www.lejournalduforkane.com\/index.php\/wp-json\/wp\/v2\/media?parent=25238"}],"wp:term":[{"taxonomy":"category","embeddable":true,"href":"https:\/\/www.lejournalduforkane.com\/index.php\/wp-json\/wp\/v2\/categories?post=25238"},{"taxonomy":"post_tag","embeddable":true,"href":"https:\/\/www.lejournalduforkane.com\/index.php\/wp-json\/wp\/v2\/tags?post=25238"}],"curies":[{"name":"wp","href":"https:\/\/api.w.org\/{rel}","templated":true}]}}