
{"id":25244,"date":"2020-08-30T12:38:02","date_gmt":"2020-08-30T12:38:02","guid":{"rendered":"https:\/\/www.lejournalduforkane.com\/?p=25244"},"modified":"2020-09-02T17:43:40","modified_gmt":"2020-09-02T17:43:40","slug":"video-selon-larmee-israelienne-une-riposte-sanglante-du-hezbollah-est-inevitable","status":"publish","type":"post","link":"https:\/\/www.lejournalduforkane.com\/index.php\/video-selon-larmee-israelienne-une-riposte-sanglante-du-hezbollah-est-inevitable\/","title":{"rendered":"Vid\u00e9o : Selon l&rsquo;arm\u00e9e isra\u00e9lienne, une riposte sanglante du Hezbollah est in\u00e9vitable"},"content":{"rendered":"<p><!--more--><\/p>\n<div style=\"position:relative;padding-bottom:56.25%;height:0;overflow:hidden;\"> <iframe loading=\"lazy\" style=\"width:100%;height:100%;position:absolute;left:0px;top:0px;overflow:hidden\" frameborder=\"0\" type=\"text\/html\" src=\"https:\/\/www.dailymotion.com\/embed\/video\/x7vuezh\" width=\"100%\" height=\"100%\" allowfullscreen > <\/iframe> <\/div>\n<p><img loading=\"lazy\" src=\"https:\/\/www.lejournalduforkane.com\/wp-content\/uploads\/2020\/09\/Selon-larm\u00e9e-isra\u00e9lienne-une-riposte-sanglante-du-Hezbollah-est-in\u00e9vitable.jpg\" alt=\"Selon l&#039;arm\u00e9e isra\u00e9lienne, une riposte sanglante du Hezbollah est in\u00e9vitable\" width=\"500\" height=\"260\" class=\"alignnone size-full wp-image-25245\" srcset=\"https:\/\/www.lejournalduforkane.com\/wp-content\/uploads\/2020\/09\/Selon-larm\u00e9e-isra\u00e9lienne-une-riposte-sanglante-du-Hezbollah-est-in\u00e9vitable.jpg 500w, https:\/\/www.lejournalduforkane.com\/wp-content\/uploads\/2020\/09\/Selon-larm\u00e9e-isra\u00e9lienne-une-riposte-sanglante-du-Hezbollah-est-in\u00e9vitable-300x156.jpg 300w\" sizes=\"(max-width: 500px) 100vw, 500px\" \/><\/p>\n","protected":false},"excerpt":{"rendered":"","protected":false},"author":2,"featured_media":0,"comment_status":"closed","ping_status":"open","sticky":false,"template":"","format":"standard","meta":[],"categories":[],"tags":[],"_links":{"self":[{"href":"https:\/\/www.lejournalduforkane.com\/index.php\/wp-json\/wp\/v2\/posts\/25244"}],"collection":[{"href":"https:\/\/www.lejournalduforkane.com\/index.php\/wp-json\/wp\/v2\/posts"}],"about":[{"href":"https:\/\/www.lejournalduforkane.com\/index.php\/wp-json\/wp\/v2\/types\/post"}],"author":[{"embeddable":true,"href":"https:\/\/www.lejournalduforkane.com\/index.php\/wp-json\/wp\/v2\/users\/2"}],"replies":[{"embeddable":true,"href":"https:\/\/www.lejournalduforkane.com\/index.php\/wp-json\/wp\/v2\/comments?post=25244"}],"version-history":[{"count":1,"href":"https:\/\/www.lejournalduforkane.com\/index.php\/wp-json\/wp\/v2\/posts\/25244\/revisions"}],"predecessor-version":[{"id":25246,"href":"https:\/\/www.lejournalduforkane.com\/index.php\/wp-json\/wp\/v2\/posts\/25244\/revisions\/25246"}],"wp:attachment":[{"href":"https:\/\/www.lejournalduforkane.com\/index.php\/wp-json\/wp\/v2\/media?parent=25244"}],"wp:term":[{"taxonomy":"category","embeddable":true,"href":"https:\/\/www.lejournalduforkane.com\/index.php\/wp-json\/wp\/v2\/categories?post=25244"},{"taxonomy":"post_tag","embeddable":true,"href":"https:\/\/www.lejournalduforkane.com\/index.php\/wp-json\/wp\/v2\/tags?post=25244"}],"curies":[{"name":"wp","href":"https:\/\/api.w.org\/{rel}","templated":true}]}}