
{"id":25276,"date":"2020-09-06T18:03:44","date_gmt":"2020-09-06T18:03:44","guid":{"rendered":"https:\/\/www.lejournalduforkane.com\/?p=25276"},"modified":"2020-09-07T18:03:55","modified_gmt":"2020-09-07T18:03:55","slug":"regardez-toutes-les-nationalites-etrangeres-combattant-avec-daesh-dans-le-sud-du-yemen","status":"publish","type":"post","link":"https:\/\/www.lejournalduforkane.com\/index.php\/regardez-toutes-les-nationalites-etrangeres-combattant-avec-daesh-dans-le-sud-du-yemen\/","title":{"rendered":"Regardez toutes les nationalit\u00e9s \u00e9trang\u00e8res combattant avec Daesh dans le sud du Y\u00e9men"},"content":{"rendered":"<p><!--more--><\/p>\n<div class=\"kvgmc6g5 cxmmr5t8 oygrvhab hcukyx3x c1et5uql ii04i59q\">\n<div dir=\"auto\" style=\"text-align: justify;\">Apr\u00e8s avoir ras\u00e9 des camps de Daesh, alors que les avions de la coalition saoudienne tentaient de les sauver&#8230; l&rsquo;arm\u00e9e y\u00e9m\u00e9nite et les comit\u00e9s populaires trouvent entre autres diff\u00e9rentes cartes d&rsquo;identit\u00e9 appartenant aux terroristes recrut\u00e9s, dont certaines venant de pays arabes et \u00e9trangers<\/div>\n<\/div>\n<div dir=\"auto\" style=\"text-align: justify;\"><\/div>\n<div style=\"width: 400px;\" class=\"wp-video\"><!--[if lt IE 9]><script>document.createElement('video');<\/script><![endif]-->\n<video class=\"wp-video-shortcode\" id=\"video-25276-1\" width=\"400\" height=\"224\" preload=\"metadata\" controls=\"controls\"><source type=\"video\/mp4\" src=\"https:\/\/www.lejournalduforkane.com\/wp-content\/uploads\/2020\/09\/118976188_1439158316474472_2085445140799074917_n.mp4?_=1\" \/><a href=\"https:\/\/www.lejournalduforkane.com\/wp-content\/uploads\/2020\/09\/118976188_1439158316474472_2085445140799074917_n.mp4\">https:\/\/www.lejournalduforkane.com\/wp-content\/uploads\/2020\/09\/118976188_1439158316474472_2085445140799074917_n.mp4<\/a><\/video><\/div>\n<p>&nbsp;<\/p>\n<p><img loading=\"lazy\" class=\"alignnone size-full wp-image-25277\" src=\"https:\/\/www.lejournalduforkane.com\/wp-content\/uploads\/2020\/09\/Regardez-toutes-les-nationalit\u00e9s-\u00e9trang\u00e8res-combattant-avec-Daesh-dans-le-sud-du-Y\u00e9men.jpg\" alt=\"Regardez toutes les nationalit\u00e9s \u00e9trang\u00e8res combattant avec Daesh dans le sud du Y\u00e9men\" width=\"495\" height=\"274\" srcset=\"https:\/\/www.lejournalduforkane.com\/wp-content\/uploads\/2020\/09\/Regardez-toutes-les-nationalit\u00e9s-\u00e9trang\u00e8res-combattant-avec-Daesh-dans-le-sud-du-Y\u00e9men.jpg 495w, https:\/\/www.lejournalduforkane.com\/wp-content\/uploads\/2020\/09\/Regardez-toutes-les-nationalit\u00e9s-\u00e9trang\u00e8res-combattant-avec-Daesh-dans-le-sud-du-Y\u00e9men-300x166.jpg 300w\" sizes=\"(max-width: 495px) 100vw, 495px\" \/><\/p>\n","protected":false},"excerpt":{"rendered":"Apr\u00e8s avoir ras\u00e9 des camps de Daesh, alors que les avions de la coalition saoudienne tentaient de les sauver... l'arm\u00e9e y\u00e9m\u00e9nite et les comit\u00e9s populaires trouvent entre autres diff\u00e9rentes cartes","protected":false},"author":2,"featured_media":0,"comment_status":"closed","ping_status":"open","sticky":false,"template":"","format":"standard","meta":[],"categories":[],"tags":[],"_links":{"self":[{"href":"https:\/\/www.lejournalduforkane.com\/index.php\/wp-json\/wp\/v2\/posts\/25276"}],"collection":[{"href":"https:\/\/www.lejournalduforkane.com\/index.php\/wp-json\/wp\/v2\/posts"}],"about":[{"href":"https:\/\/www.lejournalduforkane.com\/index.php\/wp-json\/wp\/v2\/types\/post"}],"author":[{"embeddable":true,"href":"https:\/\/www.lejournalduforkane.com\/index.php\/wp-json\/wp\/v2\/users\/2"}],"replies":[{"embeddable":true,"href":"https:\/\/www.lejournalduforkane.com\/index.php\/wp-json\/wp\/v2\/comments?post=25276"}],"version-history":[{"count":1,"href":"https:\/\/www.lejournalduforkane.com\/index.php\/wp-json\/wp\/v2\/posts\/25276\/revisions"}],"predecessor-version":[{"id":25279,"href":"https:\/\/www.lejournalduforkane.com\/index.php\/wp-json\/wp\/v2\/posts\/25276\/revisions\/25279"}],"wp:attachment":[{"href":"https:\/\/www.lejournalduforkane.com\/index.php\/wp-json\/wp\/v2\/media?parent=25276"}],"wp:term":[{"taxonomy":"category","embeddable":true,"href":"https:\/\/www.lejournalduforkane.com\/index.php\/wp-json\/wp\/v2\/categories?post=25276"},{"taxonomy":"post_tag","embeddable":true,"href":"https:\/\/www.lejournalduforkane.com\/index.php\/wp-json\/wp\/v2\/tags?post=25276"}],"curies":[{"name":"wp","href":"https:\/\/api.w.org\/{rel}","templated":true}]}}