
{"id":25319,"date":"2020-09-13T17:31:50","date_gmt":"2020-09-13T17:31:50","guid":{"rendered":"https:\/\/www.lejournalduforkane.com\/?p=25319"},"modified":"2020-09-16T17:35:15","modified_gmt":"2020-09-16T17:35:15","slug":"video-rassemblement-des-bahreinis-a-manama-en-condamnation-avec-la-declaration-du-gouvernement-sur-la-normalisation-de-ses-relations-avec-letat-occupant-disrael-hier-soir","status":"publish","type":"post","link":"https:\/\/www.lejournalduforkane.com\/index.php\/video-rassemblement-des-bahreinis-a-manama-en-condamnation-avec-la-declaration-du-gouvernement-sur-la-normalisation-de-ses-relations-avec-letat-occupant-disrael-hier-soir\/","title":{"rendered":"Vid\u00e9o | Rassemblement des Bahre\u00efnis \u00e0 Manama en condamnation avec la d\u00e9claration du gouvernement sur la normalisation de ses relations avec l&rsquo;\u00c9tat occupant d\u2019Isra\u00ebl, hier soir."},"content":{"rendered":"<p><!--more--><\/p>\n<p>Vid\u00e9o | Rassemblement des Bahre\u00efnis \u00e0 Manama en condamnation avec la d\u00e9claration du gouvernement sur la normalisation de ses relations avec l&rsquo;\u00c9tat occupant d\u2019Isra\u00ebl, hier soir.<\/p>\n<div style=\"width: 400px;\" class=\"wp-video\"><!--[if lt IE 9]><script>document.createElement('video');<\/script><![endif]-->\n<video class=\"wp-video-shortcode\" id=\"video-25319-1\" width=\"400\" height=\"224\" preload=\"metadata\" controls=\"controls\"><source type=\"video\/mp4\" src=\"https:\/\/www.lejournalduforkane.com\/wp-content\/uploads\/2020\/09\/118985422_944424539401446_1709818398899199701_n.mp4?_=1\" \/><a href=\"https:\/\/www.lejournalduforkane.com\/wp-content\/uploads\/2020\/09\/118985422_944424539401446_1709818398899199701_n.mp4\">https:\/\/www.lejournalduforkane.com\/wp-content\/uploads\/2020\/09\/118985422_944424539401446_1709818398899199701_n.mp4<\/a><\/video><\/div>\n<p>&nbsp;<\/p>\n<p><img loading=\"lazy\" class=\"alignnone size-full wp-image-25321\" src=\"https:\/\/www.lejournalduforkane.com\/wp-content\/uploads\/2020\/09\/rassemblement-au-bahreyn.jpg\" alt=\"rassemblement au bahreyn\" width=\"501\" height=\"284\" srcset=\"https:\/\/www.lejournalduforkane.com\/wp-content\/uploads\/2020\/09\/rassemblement-au-bahreyn.jpg 501w, https:\/\/www.lejournalduforkane.com\/wp-content\/uploads\/2020\/09\/rassemblement-au-bahreyn-300x170.jpg 300w\" sizes=\"(max-width: 501px) 100vw, 501px\" \/><\/p>\n","protected":false},"excerpt":{"rendered":"Vid\u00e9o | Rassemblement des Bahre\u00efnis \u00e0 Manama en condamnation avec la d\u00e9claration du gouvernement sur la normalisation de ses relations avec l'\u00c9tat occupant d\u2019Isra\u00ebl, hier soir. [video width=\"400\" height=\"224\" mp4=\"https:\/\/www.lejournalduforkane.com\/wp-content\/uploads\/2020\/09\/118985422_944424539401446_1709818398899199701_n.mp4\"][\/video]","protected":false},"author":2,"featured_media":0,"comment_status":"closed","ping_status":"open","sticky":false,"template":"","format":"standard","meta":[],"categories":[],"tags":[],"_links":{"self":[{"href":"https:\/\/www.lejournalduforkane.com\/index.php\/wp-json\/wp\/v2\/posts\/25319"}],"collection":[{"href":"https:\/\/www.lejournalduforkane.com\/index.php\/wp-json\/wp\/v2\/posts"}],"about":[{"href":"https:\/\/www.lejournalduforkane.com\/index.php\/wp-json\/wp\/v2\/types\/post"}],"author":[{"embeddable":true,"href":"https:\/\/www.lejournalduforkane.com\/index.php\/wp-json\/wp\/v2\/users\/2"}],"replies":[{"embeddable":true,"href":"https:\/\/www.lejournalduforkane.com\/index.php\/wp-json\/wp\/v2\/comments?post=25319"}],"version-history":[{"count":1,"href":"https:\/\/www.lejournalduforkane.com\/index.php\/wp-json\/wp\/v2\/posts\/25319\/revisions"}],"predecessor-version":[{"id":25322,"href":"https:\/\/www.lejournalduforkane.com\/index.php\/wp-json\/wp\/v2\/posts\/25319\/revisions\/25322"}],"wp:attachment":[{"href":"https:\/\/www.lejournalduforkane.com\/index.php\/wp-json\/wp\/v2\/media?parent=25319"}],"wp:term":[{"taxonomy":"category","embeddable":true,"href":"https:\/\/www.lejournalduforkane.com\/index.php\/wp-json\/wp\/v2\/categories?post=25319"},{"taxonomy":"post_tag","embeddable":true,"href":"https:\/\/www.lejournalduforkane.com\/index.php\/wp-json\/wp\/v2\/tags?post=25319"}],"curies":[{"name":"wp","href":"https:\/\/api.w.org\/{rel}","templated":true}]}}