
{"id":25323,"date":"2020-09-15T17:40:13","date_gmt":"2020-09-15T17:40:13","guid":{"rendered":"https:\/\/www.lejournalduforkane.com\/?p=25323"},"modified":"2020-09-16T17:40:54","modified_gmt":"2020-09-16T17:40:54","slug":"video-lequipe-de-reporters-de-la-chaine-yemenite-al-masirah-echappe-a-un-bombardement-de-peu-et-de-quelques-metres-les-voitures-de-civils-sont-cibles-par-les-avions-de-la-coalition-saoud","status":"publish","type":"post","link":"https:\/\/www.lejournalduforkane.com\/index.php\/video-lequipe-de-reporters-de-la-chaine-yemenite-al-masirah-echappe-a-un-bombardement-de-peu-et-de-quelques-metres-les-voitures-de-civils-sont-cibles-par-les-avions-de-la-coalition-saoud\/","title":{"rendered":"Vid\u00e9o : L&rsquo;\u00e9quipe de reporters de la chaine y\u00e9m\u00e9nite Al masirah \u00e9chappe \u00e0 un bombardement, de peu et de quelques m\u00e8tres.. Les voitures de civils sont cibl\u00e9s par les avions de la coalition saoud"},"content":{"rendered":"<p><!--more--><\/p>\n<p>Vid\u00e9o : L&rsquo;\u00e9quipe de reporters de la chaine y\u00e9m\u00e9nite Al masirah \u00e9chappe \u00e0 un bombardement, de peu et de quelques m\u00e8tres.. Les voitures de civils sont cibl\u00e9s par les avions de la coalition saoud<\/p>\n<p><iframe loading=\"lazy\" src=\"https:\/\/www.youtube.com\/embed\/89S1Gkx6fM4\" width=\"560\" height=\"315\" frameborder=\"0\" allowfullscreen=\"allowfullscreen\"><\/iframe><\/p>\n<p>&nbsp;<\/p>\n<p><img loading=\"lazy\" class=\"alignnone size-full wp-image-25324\" src=\"https:\/\/www.lejournalduforkane.com\/wp-content\/uploads\/2020\/09\/L\u00e9quipe-de-reporters-de-la-chaine-y\u00e9m\u00e9nite-Al-masirah-\u00e9chappe-\u00e0-un-bombardement-de-peu-et-de-quelques-m\u00e8tres..-Les-voitures-de-civils-sont-cibl\u00e9s-par-les-avions-de-la-coalition-saou.jpg\" alt=\"L'\u00e9quipe de reporters de la chaine y\u00e9m\u00e9nite Al masirah \u00e9chappe \u00e0 un bombardement, de peu et de quelques m\u00e8tres.. Les voitures de civils sont cibl\u00e9s par les avions de la coalition saou\" width=\"771\" height=\"453\" srcset=\"https:\/\/www.lejournalduforkane.com\/wp-content\/uploads\/2020\/09\/L\u00e9quipe-de-reporters-de-la-chaine-y\u00e9m\u00e9nite-Al-masirah-\u00e9chappe-\u00e0-un-bombardement-de-peu-et-de-quelques-m\u00e8tres..-Les-voitures-de-civils-sont-cibl\u00e9s-par-les-avions-de-la-coalition-saou.jpg 771w, https:\/\/www.lejournalduforkane.com\/wp-content\/uploads\/2020\/09\/L\u00e9quipe-de-reporters-de-la-chaine-y\u00e9m\u00e9nite-Al-masirah-\u00e9chappe-\u00e0-un-bombardement-de-peu-et-de-quelques-m\u00e8tres..-Les-voitures-de-civils-sont-cibl\u00e9s-par-les-avions-de-la-coalition-saou-300x176.jpg 300w, https:\/\/www.lejournalduforkane.com\/wp-content\/uploads\/2020\/09\/L\u00e9quipe-de-reporters-de-la-chaine-y\u00e9m\u00e9nite-Al-masirah-\u00e9chappe-\u00e0-un-bombardement-de-peu-et-de-quelques-m\u00e8tres..-Les-voitures-de-civils-sont-cibl\u00e9s-par-les-avions-de-la-coalition-saou-768x451.jpg 768w\" sizes=\"(max-width: 771px) 100vw, 771px\" \/><\/p>\n","protected":false},"excerpt":{"rendered":"Vid\u00e9o : L'\u00e9quipe de reporters de la chaine y\u00e9m\u00e9nite Al masirah \u00e9chappe \u00e0 un bombardement, de peu et de quelques m\u00e8tres.. Les voitures de civils sont cibl\u00e9s par les avions","protected":false},"author":2,"featured_media":0,"comment_status":"closed","ping_status":"open","sticky":false,"template":"","format":"standard","meta":[],"categories":[],"tags":[],"_links":{"self":[{"href":"https:\/\/www.lejournalduforkane.com\/index.php\/wp-json\/wp\/v2\/posts\/25323"}],"collection":[{"href":"https:\/\/www.lejournalduforkane.com\/index.php\/wp-json\/wp\/v2\/posts"}],"about":[{"href":"https:\/\/www.lejournalduforkane.com\/index.php\/wp-json\/wp\/v2\/types\/post"}],"author":[{"embeddable":true,"href":"https:\/\/www.lejournalduforkane.com\/index.php\/wp-json\/wp\/v2\/users\/2"}],"replies":[{"embeddable":true,"href":"https:\/\/www.lejournalduforkane.com\/index.php\/wp-json\/wp\/v2\/comments?post=25323"}],"version-history":[{"count":2,"href":"https:\/\/www.lejournalduforkane.com\/index.php\/wp-json\/wp\/v2\/posts\/25323\/revisions"}],"predecessor-version":[{"id":25326,"href":"https:\/\/www.lejournalduforkane.com\/index.php\/wp-json\/wp\/v2\/posts\/25323\/revisions\/25326"}],"wp:attachment":[{"href":"https:\/\/www.lejournalduforkane.com\/index.php\/wp-json\/wp\/v2\/media?parent=25323"}],"wp:term":[{"taxonomy":"category","embeddable":true,"href":"https:\/\/www.lejournalduforkane.com\/index.php\/wp-json\/wp\/v2\/categories?post=25323"},{"taxonomy":"post_tag","embeddable":true,"href":"https:\/\/www.lejournalduforkane.com\/index.php\/wp-json\/wp\/v2\/tags?post=25323"}],"curies":[{"name":"wp","href":"https:\/\/api.w.org\/{rel}","templated":true}]}}