
{"id":25335,"date":"2020-09-15T17:50:49","date_gmt":"2020-09-15T17:50:49","guid":{"rendered":"https:\/\/www.lejournalduforkane.com\/?p=25335"},"modified":"2020-09-16T17:56:06","modified_gmt":"2020-09-16T17:56:06","slug":"des-centaines-de-palestiniens-manifestent-aujourdhui-dans-la-ville-de-naplouse-au-nord-de-la-cisjordanie-occupee-contre-laccord-de-normalisation-bahrein-israel-parraine-par-les-usa","status":"publish","type":"post","link":"https:\/\/www.lejournalduforkane.com\/index.php\/des-centaines-de-palestiniens-manifestent-aujourdhui-dans-la-ville-de-naplouse-au-nord-de-la-cisjordanie-occupee-contre-laccord-de-normalisation-bahrein-israel-parraine-par-les-usa\/","title":{"rendered":"Des centaines de Palestiniens manifestent aujourd&rsquo;hui dans la ville de Naplouse, au nord de la Cisjordanie occup\u00e9e, contre l&rsquo;accord de normalisation Bahre\u00efn-Isra\u00ebl parrain\u00e9 par les USA"},"content":{"rendered":"<p><!--more--><\/p>\n<p>&nbsp;<\/p>\n<div style=\"width: 400px;\" class=\"wp-video\"><!--[if lt IE 9]><script>document.createElement('video');<\/script><![endif]-->\n<video class=\"wp-video-shortcode\" id=\"video-25335-1\" width=\"400\" height=\"224\" preload=\"metadata\" controls=\"controls\"><source type=\"video\/mp4\" src=\"https:\/\/www.lejournalduforkane.com\/wp-content\/uploads\/2020\/09\/119392121_324018135716232_580459652800558453_n.mp4?_=1\" \/><a href=\"https:\/\/www.lejournalduforkane.com\/wp-content\/uploads\/2020\/09\/119392121_324018135716232_580459652800558453_n.mp4\">https:\/\/www.lejournalduforkane.com\/wp-content\/uploads\/2020\/09\/119392121_324018135716232_580459652800558453_n.mp4<\/a><\/video><\/div>\n<p>&nbsp;<\/p>\n<p><img loading=\"lazy\" class=\"alignnone size-full wp-image-25336\" src=\"https:\/\/www.lejournalduforkane.com\/wp-content\/uploads\/2020\/09\/Des-centaines-de-Palestiniens-manifestent-aujourdhui-dans-la-ville-de-Naplouse-au-nord-de-la-Cisjordanie-occup\u00e9e-contre-laccord-de-normalisation-Bahre\u00efn-Isra\u00ebl-parrain\u00e9-par-les-US.jpg\" alt=\"Des centaines de Palestiniens manifestent aujourd'hui dans la ville de Naplouse, au nord de la Cisjordanie occup\u00e9e, contre l'accord de normalisation Bahre\u00efn-Isra\u00ebl parrain\u00e9 par les US\" width=\"500\" height=\"281\" srcset=\"https:\/\/www.lejournalduforkane.com\/wp-content\/uploads\/2020\/09\/Des-centaines-de-Palestiniens-manifestent-aujourdhui-dans-la-ville-de-Naplouse-au-nord-de-la-Cisjordanie-occup\u00e9e-contre-laccord-de-normalisation-Bahre\u00efn-Isra\u00ebl-parrain\u00e9-par-les-US.jpg 500w, https:\/\/www.lejournalduforkane.com\/wp-content\/uploads\/2020\/09\/Des-centaines-de-Palestiniens-manifestent-aujourdhui-dans-la-ville-de-Naplouse-au-nord-de-la-Cisjordanie-occup\u00e9e-contre-laccord-de-normalisation-Bahre\u00efn-Isra\u00ebl-parrain\u00e9-par-les-US-300x169.jpg 300w\" sizes=\"(max-width: 500px) 100vw, 500px\" \/><\/p>\n","protected":false},"excerpt":{"rendered":"&nbsp; [video width=\"400\" height=\"224\" mp4=\"https:\/\/www.lejournalduforkane.com\/wp-content\/uploads\/2020\/09\/119392121_324018135716232_580459652800558453_n.mp4\"][\/video] &nbsp;","protected":false},"author":2,"featured_media":0,"comment_status":"closed","ping_status":"open","sticky":false,"template":"","format":"standard","meta":[],"categories":[],"tags":[],"_links":{"self":[{"href":"https:\/\/www.lejournalduforkane.com\/index.php\/wp-json\/wp\/v2\/posts\/25335"}],"collection":[{"href":"https:\/\/www.lejournalduforkane.com\/index.php\/wp-json\/wp\/v2\/posts"}],"about":[{"href":"https:\/\/www.lejournalduforkane.com\/index.php\/wp-json\/wp\/v2\/types\/post"}],"author":[{"embeddable":true,"href":"https:\/\/www.lejournalduforkane.com\/index.php\/wp-json\/wp\/v2\/users\/2"}],"replies":[{"embeddable":true,"href":"https:\/\/www.lejournalduforkane.com\/index.php\/wp-json\/wp\/v2\/comments?post=25335"}],"version-history":[{"count":1,"href":"https:\/\/www.lejournalduforkane.com\/index.php\/wp-json\/wp\/v2\/posts\/25335\/revisions"}],"predecessor-version":[{"id":25338,"href":"https:\/\/www.lejournalduforkane.com\/index.php\/wp-json\/wp\/v2\/posts\/25335\/revisions\/25338"}],"wp:attachment":[{"href":"https:\/\/www.lejournalduforkane.com\/index.php\/wp-json\/wp\/v2\/media?parent=25335"}],"wp:term":[{"taxonomy":"category","embeddable":true,"href":"https:\/\/www.lejournalduforkane.com\/index.php\/wp-json\/wp\/v2\/categories?post=25335"},{"taxonomy":"post_tag","embeddable":true,"href":"https:\/\/www.lejournalduforkane.com\/index.php\/wp-json\/wp\/v2\/tags?post=25335"}],"curies":[{"name":"wp","href":"https:\/\/api.w.org\/{rel}","templated":true}]}}