
{"id":25379,"date":"2020-09-20T18:13:53","date_gmt":"2020-09-20T18:13:53","guid":{"rendered":"https:\/\/www.lejournalduforkane.com\/?p=25379"},"modified":"2020-09-20T18:13:53","modified_gmt":"2020-09-20T18:13:53","slug":"video-le-peuple-bahreini-continue-de-protester-dans-les-rues-contre-la-decision-de-leur-gouvernement-de-normaliser-pleinement-les-relations-avec-loccupation-israelienne","status":"publish","type":"post","link":"https:\/\/www.lejournalduforkane.com\/index.php\/video-le-peuple-bahreini-continue-de-protester-dans-les-rues-contre-la-decision-de-leur-gouvernement-de-normaliser-pleinement-les-relations-avec-loccupation-israelienne\/","title":{"rendered":"Vid\u00e9o | Le peuple Bahre\u00efni continue de protester dans les rues contre la d\u00e9cision de leur gouvernement de normaliser pleinement les relations avec l&rsquo;occupation isra\u00e9lienne."},"content":{"rendered":"<p><!--more--><\/p>\n<p>Vid\u00e9o | Le peuple Bahre\u00efni continue de protester dans les rues contre la d\u00e9cision de leur gouvernement de normaliser pleinement les relations avec l&rsquo;occupation isra\u00e9lienne.<\/p>\n<div style=\"width: 400px;\" class=\"wp-video\"><!--[if lt IE 9]><script>document.createElement('video');<\/script><![endif]-->\n<video class=\"wp-video-shortcode\" id=\"video-25379-1\" width=\"400\" height=\"224\" preload=\"metadata\" controls=\"controls\"><source type=\"video\/mp4\" src=\"https:\/\/www.lejournalduforkane.com\/wp-content\/uploads\/2020\/09\/119282555_1032390163856970_3730862272015278166_n.mp4?_=1\" \/><a href=\"https:\/\/www.lejournalduforkane.com\/wp-content\/uploads\/2020\/09\/119282555_1032390163856970_3730862272015278166_n.mp4\">https:\/\/www.lejournalduforkane.com\/wp-content\/uploads\/2020\/09\/119282555_1032390163856970_3730862272015278166_n.mp4<\/a><\/video><\/div>\n<p>&nbsp;<\/p>\n<p><img loading=\"lazy\" class=\"alignnone size-full wp-image-25381\" src=\"https:\/\/www.lejournalduforkane.com\/wp-content\/uploads\/2020\/09\/peulpe-du-bahrein.jpg\" alt=\"peulpe du bahrein\" width=\"502\" height=\"250\" srcset=\"https:\/\/www.lejournalduforkane.com\/wp-content\/uploads\/2020\/09\/peulpe-du-bahrein.jpg 502w, https:\/\/www.lejournalduforkane.com\/wp-content\/uploads\/2020\/09\/peulpe-du-bahrein-300x149.jpg 300w\" sizes=\"(max-width: 502px) 100vw, 502px\" \/><\/p>\n","protected":false},"excerpt":{"rendered":"Vid\u00e9o | Le peuple Bahre\u00efni continue de protester dans les rues contre la d\u00e9cision de leur gouvernement de normaliser pleinement les relations avec l'occupation isra\u00e9lienne. [video width=\"400\" height=\"224\" mp4=\"https:\/\/www.lejournalduforkane.com\/wp-content\/uploads\/2020\/09\/119282555_1032390163856970_3730862272015278166_n.mp4\"][\/video] &nbsp;","protected":false},"author":2,"featured_media":0,"comment_status":"closed","ping_status":"open","sticky":false,"template":"","format":"standard","meta":[],"categories":[],"tags":[],"_links":{"self":[{"href":"https:\/\/www.lejournalduforkane.com\/index.php\/wp-json\/wp\/v2\/posts\/25379"}],"collection":[{"href":"https:\/\/www.lejournalduforkane.com\/index.php\/wp-json\/wp\/v2\/posts"}],"about":[{"href":"https:\/\/www.lejournalduforkane.com\/index.php\/wp-json\/wp\/v2\/types\/post"}],"author":[{"embeddable":true,"href":"https:\/\/www.lejournalduforkane.com\/index.php\/wp-json\/wp\/v2\/users\/2"}],"replies":[{"embeddable":true,"href":"https:\/\/www.lejournalduforkane.com\/index.php\/wp-json\/wp\/v2\/comments?post=25379"}],"version-history":[{"count":1,"href":"https:\/\/www.lejournalduforkane.com\/index.php\/wp-json\/wp\/v2\/posts\/25379\/revisions"}],"predecessor-version":[{"id":25382,"href":"https:\/\/www.lejournalduforkane.com\/index.php\/wp-json\/wp\/v2\/posts\/25379\/revisions\/25382"}],"wp:attachment":[{"href":"https:\/\/www.lejournalduforkane.com\/index.php\/wp-json\/wp\/v2\/media?parent=25379"}],"wp:term":[{"taxonomy":"category","embeddable":true,"href":"https:\/\/www.lejournalduforkane.com\/index.php\/wp-json\/wp\/v2\/categories?post=25379"},{"taxonomy":"post_tag","embeddable":true,"href":"https:\/\/www.lejournalduforkane.com\/index.php\/wp-json\/wp\/v2\/tags?post=25379"}],"curies":[{"name":"wp","href":"https:\/\/api.w.org\/{rel}","templated":true}]}}