
{"id":25401,"date":"2020-09-23T17:56:05","date_gmt":"2020-09-23T17:56:05","guid":{"rendered":"https:\/\/www.lejournalduforkane.com\/?p=25401"},"modified":"2020-09-24T17:58:04","modified_gmt":"2020-09-24T17:58:04","slug":"trump-les-etats-unis-ne-sont-au-moyen-orient-que-pour-proteger-israel","status":"publish","type":"post","link":"https:\/\/www.lejournalduforkane.com\/index.php\/trump-les-etats-unis-ne-sont-au-moyen-orient-que-pour-proteger-israel\/","title":{"rendered":"Trump : \u00a0\u00bb les Etats-Unis ne sont au Moyen-Orient que pour prot\u00e9ger Isra\u00ebl \u00ab\u00a0"},"content":{"rendered":"<p><!--more--><\/p>\n<p>Le 8 septembre, lors d\u2019un rallye \u00e9lectoral en Caroline du Nord Trump a d\u00e9clar\u00e9 cette phrase&#8230;<\/p>\n<p><iframe loading=\"lazy\" width=\"560\" height=\"315\" src=\"https:\/\/www.youtube.com\/embed\/2nUFWe4JBEU\" frameborder=\"0\" allow=\"accelerometer; autoplay; clipboard-write; encrypted-media; gyroscope; picture-in-picture\" allowfullscreen><\/iframe><\/p>\n<p><img loading=\"lazy\" src=\"https:\/\/www.lejournalduforkane.com\/wp-content\/uploads\/2020\/09\/les-Etats-Unis-ne-sont-au-Moyen-Orient-que-pour-prot\u00e9ger-Isra\u00ebl.jpg\" alt=\"les Etats-Unis ne sont au Moyen-Orient que pour prot\u00e9ger Isra\u00ebl\" width=\"500\" height=\"260\" class=\"alignnone size-full wp-image-25402\" srcset=\"https:\/\/www.lejournalduforkane.com\/wp-content\/uploads\/2020\/09\/les-Etats-Unis-ne-sont-au-Moyen-Orient-que-pour-prot\u00e9ger-Isra\u00ebl.jpg 500w, https:\/\/www.lejournalduforkane.com\/wp-content\/uploads\/2020\/09\/les-Etats-Unis-ne-sont-au-Moyen-Orient-que-pour-prot\u00e9ger-Isra\u00ebl-300x156.jpg 300w\" sizes=\"(max-width: 500px) 100vw, 500px\" \/><\/p>\n","protected":false},"excerpt":{"rendered":"Le 8 septembre, lors d\u2019un rallye \u00e9lectoral en Caroline du Nord Trump a d\u00e9clar\u00e9 cette phrase...","protected":false},"author":2,"featured_media":0,"comment_status":"closed","ping_status":"open","sticky":false,"template":"","format":"standard","meta":[],"categories":[],"tags":[],"_links":{"self":[{"href":"https:\/\/www.lejournalduforkane.com\/index.php\/wp-json\/wp\/v2\/posts\/25401"}],"collection":[{"href":"https:\/\/www.lejournalduforkane.com\/index.php\/wp-json\/wp\/v2\/posts"}],"about":[{"href":"https:\/\/www.lejournalduforkane.com\/index.php\/wp-json\/wp\/v2\/types\/post"}],"author":[{"embeddable":true,"href":"https:\/\/www.lejournalduforkane.com\/index.php\/wp-json\/wp\/v2\/users\/2"}],"replies":[{"embeddable":true,"href":"https:\/\/www.lejournalduforkane.com\/index.php\/wp-json\/wp\/v2\/comments?post=25401"}],"version-history":[{"count":1,"href":"https:\/\/www.lejournalduforkane.com\/index.php\/wp-json\/wp\/v2\/posts\/25401\/revisions"}],"predecessor-version":[{"id":25403,"href":"https:\/\/www.lejournalduforkane.com\/index.php\/wp-json\/wp\/v2\/posts\/25401\/revisions\/25403"}],"wp:attachment":[{"href":"https:\/\/www.lejournalduforkane.com\/index.php\/wp-json\/wp\/v2\/media?parent=25401"}],"wp:term":[{"taxonomy":"category","embeddable":true,"href":"https:\/\/www.lejournalduforkane.com\/index.php\/wp-json\/wp\/v2\/categories?post=25401"},{"taxonomy":"post_tag","embeddable":true,"href":"https:\/\/www.lejournalduforkane.com\/index.php\/wp-json\/wp\/v2\/tags?post=25401"}],"curies":[{"name":"wp","href":"https:\/\/api.w.org\/{rel}","templated":true}]}}