
{"id":25441,"date":"2020-10-09T17:48:11","date_gmt":"2020-10-09T17:48:11","guid":{"rendered":"https:\/\/www.lejournalduforkane.com\/?p=25441"},"modified":"2020-10-11T17:53:38","modified_gmt":"2020-10-11T17:53:38","slug":"declaration-de-sophie-petronin-apres-sa-liberation-elle-evoque-sa-foi-en-lislam","status":"publish","type":"post","link":"https:\/\/www.lejournalduforkane.com\/index.php\/declaration-de-sophie-petronin-apres-sa-liberation-elle-evoque-sa-foi-en-lislam\/","title":{"rendered":"D\u00e9claration de Sophie P\u00e9tronin apr\u00e8s sa lib\u00e9ration, elle \u00e9voque sa foi en l&rsquo;Islam !"},"content":{"rendered":"<p><!--more--><\/p>\n<div class=\"kvgmc6g5 cxmmr5t8 oygrvhab hcukyx3x c1et5uql ii04i59q\">\n<div dir=\"auto\">\u00ab\u00a0Pour le Mali, je vais prier et implorer la b\u00e9n\u00e9diction d&rsquo;Allah, parce que je suis musulmane. Vous dites Sophie, mais c&rsquo;est Mariam que vous avez devant vous\u00a0\u00bb.<\/div>\n<\/div>\n<div class=\"o9v6fnle cxmmr5t8 oygrvhab hcukyx3x c1et5uql ii04i59q\"><\/div>\n<p><iframe loading=\"lazy\" src=\"https:\/\/www.youtube.com\/embed\/XgyFskSsFss\" width=\"560\" height=\"315\" frameborder=\"0\" allowfullscreen=\"allowfullscreen\"><\/iframe><\/p>\n<p><img loading=\"lazy\" class=\"alignnone size-full wp-image-25442\" src=\"https:\/\/www.lejournalduforkane.com\/wp-content\/uploads\/2020\/10\/D\u00e9claration-de-Sophie-P\u00e9tronin-apr\u00e8s-sa-lib\u00e9ration-elle-\u00e9voque-sa-foi-en-lIslam.jpg\" alt=\"D\u00e9claration de Sophie P\u00e9tronin apr\u00e8s sa lib\u00e9ration, elle \u00e9voque sa foi en l'Islam\" width=\"500\" height=\"260\" srcset=\"https:\/\/www.lejournalduforkane.com\/wp-content\/uploads\/2020\/10\/D\u00e9claration-de-Sophie-P\u00e9tronin-apr\u00e8s-sa-lib\u00e9ration-elle-\u00e9voque-sa-foi-en-lIslam.jpg 500w, https:\/\/www.lejournalduforkane.com\/wp-content\/uploads\/2020\/10\/D\u00e9claration-de-Sophie-P\u00e9tronin-apr\u00e8s-sa-lib\u00e9ration-elle-\u00e9voque-sa-foi-en-lIslam-300x156.jpg 300w\" sizes=\"(max-width: 500px) 100vw, 500px\" \/><\/p>\n","protected":false},"excerpt":{"rendered":"\"Pour le Mali, je vais prier et implorer la b\u00e9n\u00e9diction d'Allah, parce que je suis musulmane. Vous dites Sophie, mais c'est Mariam que vous avez devant vous\".","protected":false},"author":2,"featured_media":0,"comment_status":"closed","ping_status":"open","sticky":false,"template":"","format":"standard","meta":[],"categories":[],"tags":[],"_links":{"self":[{"href":"https:\/\/www.lejournalduforkane.com\/index.php\/wp-json\/wp\/v2\/posts\/25441"}],"collection":[{"href":"https:\/\/www.lejournalduforkane.com\/index.php\/wp-json\/wp\/v2\/posts"}],"about":[{"href":"https:\/\/www.lejournalduforkane.com\/index.php\/wp-json\/wp\/v2\/types\/post"}],"author":[{"embeddable":true,"href":"https:\/\/www.lejournalduforkane.com\/index.php\/wp-json\/wp\/v2\/users\/2"}],"replies":[{"embeddable":true,"href":"https:\/\/www.lejournalduforkane.com\/index.php\/wp-json\/wp\/v2\/comments?post=25441"}],"version-history":[{"count":1,"href":"https:\/\/www.lejournalduforkane.com\/index.php\/wp-json\/wp\/v2\/posts\/25441\/revisions"}],"predecessor-version":[{"id":25443,"href":"https:\/\/www.lejournalduforkane.com\/index.php\/wp-json\/wp\/v2\/posts\/25441\/revisions\/25443"}],"wp:attachment":[{"href":"https:\/\/www.lejournalduforkane.com\/index.php\/wp-json\/wp\/v2\/media?parent=25441"}],"wp:term":[{"taxonomy":"category","embeddable":true,"href":"https:\/\/www.lejournalduforkane.com\/index.php\/wp-json\/wp\/v2\/categories?post=25441"},{"taxonomy":"post_tag","embeddable":true,"href":"https:\/\/www.lejournalduforkane.com\/index.php\/wp-json\/wp\/v2\/tags?post=25441"}],"curies":[{"name":"wp","href":"https:\/\/api.w.org\/{rel}","templated":true}]}}