
{"id":25478,"date":"2020-10-20T17:36:19","date_gmt":"2020-10-20T17:36:19","guid":{"rendered":"https:\/\/www.lejournalduforkane.com\/?p=25478"},"modified":"2020-10-21T17:46:26","modified_gmt":"2020-10-21T17:46:26","slug":"video-3-personnes-dune-delegation-emiratie-force-a-sortir-de-la-mosquee-sainte-par-des-adorateurs","status":"publish","type":"post","link":"https:\/\/www.lejournalduforkane.com\/index.php\/video-3-personnes-dune-delegation-emiratie-force-a-sortir-de-la-mosquee-sainte-par-des-adorateurs\/","title":{"rendered":"Vid\u00e9o : 3 personnes d&rsquo;une d\u00e9l\u00e9gation \u00e9miratie forc\u00e9 a sortir de la mosqu\u00e9e sainte par des adorateurs"},"content":{"rendered":"<p><!--more-->Vid\u00e9o : 3 personnes d&rsquo;une d\u00e9l\u00e9gation \u00e9miratie prenaient des photos de la sainte mosqu\u00e9e avant que les adorateurs palestiniens ne remarquent leur pr\u00e9sence et les for\u00e7aient \u00e0 partir en les qualifiant de \u2032\u2032 traitres sans vergogne \u00ab\u00a0.<\/p>\n<p>&nbsp;<\/p>\n<div style=\"width: 400px;\" class=\"wp-video\"><!--[if lt IE 9]><script>document.createElement('video');<\/script><![endif]-->\n<video class=\"wp-video-shortcode\" id=\"video-25478-1\" width=\"400\" height=\"226\" preload=\"metadata\" controls=\"controls\"><source type=\"video\/mp4\" src=\"https:\/\/www.lejournalduforkane.com\/wp-content\/uploads\/2020\/10\/122035428_813691516100802_5777138650537252571_n.mp4?_=1\" \/><a href=\"https:\/\/www.lejournalduforkane.com\/wp-content\/uploads\/2020\/10\/122035428_813691516100802_5777138650537252571_n.mp4\">https:\/\/www.lejournalduforkane.com\/wp-content\/uploads\/2020\/10\/122035428_813691516100802_5777138650537252571_n.mp4<\/a><\/video><\/div>\n<p><img loading=\"lazy\" class=\"alignnone size-full wp-image-25480\" src=\"https:\/\/www.lejournalduforkane.com\/wp-content\/uploads\/2020\/10\/3-personnes-dune-d\u00e9l\u00e9gation-\u00e9miratie-forc\u00e9-a-sortir-de-la-mosqu\u00e9e-sainte-par-des-adorateurs.jpg\" alt=\"3 personnes d'une d\u00e9l\u00e9gation \u00e9miratie forc\u00e9 a sortir de la mosqu\u00e9e sainte par des adorateurs\" width=\"502\" height=\"274\" srcset=\"https:\/\/www.lejournalduforkane.com\/wp-content\/uploads\/2020\/10\/3-personnes-dune-d\u00e9l\u00e9gation-\u00e9miratie-forc\u00e9-a-sortir-de-la-mosqu\u00e9e-sainte-par-des-adorateurs.jpg 502w, https:\/\/www.lejournalduforkane.com\/wp-content\/uploads\/2020\/10\/3-personnes-dune-d\u00e9l\u00e9gation-\u00e9miratie-forc\u00e9-a-sortir-de-la-mosqu\u00e9e-sainte-par-des-adorateurs-300x164.jpg 300w\" sizes=\"(max-width: 502px) 100vw, 502px\" \/><\/p>\n","protected":false},"excerpt":{"rendered":"Vid\u00e9o : 3 personnes d'une d\u00e9l\u00e9gation \u00e9miratie prenaient des photos de la sainte mosqu\u00e9e avant que les adorateurs palestiniens ne remarquent leur pr\u00e9sence et les for\u00e7aient \u00e0 partir en les","protected":false},"author":2,"featured_media":0,"comment_status":"closed","ping_status":"open","sticky":false,"template":"","format":"standard","meta":[],"categories":[],"tags":[],"_links":{"self":[{"href":"https:\/\/www.lejournalduforkane.com\/index.php\/wp-json\/wp\/v2\/posts\/25478"}],"collection":[{"href":"https:\/\/www.lejournalduforkane.com\/index.php\/wp-json\/wp\/v2\/posts"}],"about":[{"href":"https:\/\/www.lejournalduforkane.com\/index.php\/wp-json\/wp\/v2\/types\/post"}],"author":[{"embeddable":true,"href":"https:\/\/www.lejournalduforkane.com\/index.php\/wp-json\/wp\/v2\/users\/2"}],"replies":[{"embeddable":true,"href":"https:\/\/www.lejournalduforkane.com\/index.php\/wp-json\/wp\/v2\/comments?post=25478"}],"version-history":[{"count":1,"href":"https:\/\/www.lejournalduforkane.com\/index.php\/wp-json\/wp\/v2\/posts\/25478\/revisions"}],"predecessor-version":[{"id":25481,"href":"https:\/\/www.lejournalduforkane.com\/index.php\/wp-json\/wp\/v2\/posts\/25478\/revisions\/25481"}],"wp:attachment":[{"href":"https:\/\/www.lejournalduforkane.com\/index.php\/wp-json\/wp\/v2\/media?parent=25478"}],"wp:term":[{"taxonomy":"category","embeddable":true,"href":"https:\/\/www.lejournalduforkane.com\/index.php\/wp-json\/wp\/v2\/categories?post=25478"},{"taxonomy":"post_tag","embeddable":true,"href":"https:\/\/www.lejournalduforkane.com\/index.php\/wp-json\/wp\/v2\/tags?post=25478"}],"curies":[{"name":"wp","href":"https:\/\/api.w.org\/{rel}","templated":true}]}}