
{"id":25546,"date":"2020-10-27T18:41:08","date_gmt":"2020-10-27T18:41:08","guid":{"rendered":"https:\/\/www.lejournalduforkane.com\/?p=25546"},"modified":"2020-10-28T18:49:54","modified_gmt":"2020-10-28T18:49:54","slug":"video-le-peuple-yemenite-et-la-ville-de-sanaa-habillee-de-vert-se-preparent-a-celebrer-lanniversaire-de-la-naissance-du-prophete-p","status":"publish","type":"post","link":"https:\/\/www.lejournalduforkane.com\/index.php\/video-le-peuple-yemenite-et-la-ville-de-sanaa-habillee-de-vert-se-preparent-a-celebrer-lanniversaire-de-la-naissance-du-prophete-p\/","title":{"rendered":"Vid\u00e9o : le peuple y\u00e9m\u00e9nite et la ville de Sanaa habill\u00e9e de vert se pr\u00e9parent \u00e0 c\u00e9l\u00e9brer l&rsquo;anniversaire de la naissance du Proph\u00e8te (P)"},"content":{"rendered":"<p><!--more--><br \/>\n<iframe loading=\"lazy\" src=\"https:\/\/www.youtube.com\/embed\/rqdG829L9T0\" width=\"560\" height=\"315\" frameborder=\"0\" allowfullscreen=\"allowfullscreen\"><\/iframe><\/p>\n<p>&nbsp;<\/p>\n<p><img loading=\"lazy\" class=\"alignnone size-full wp-image-25547\" src=\"https:\/\/www.lejournalduforkane.com\/wp-content\/uploads\/2020\/10\/le-peuple-y\u00e9m\u00e9nVid\u00e9o-ite-et-la-ville-de-Sanaa-habill\u00e9e-de-vert-se-pr\u00e9parent-\u00e0-c\u00e9l\u00e9brer-lanniversaire-de-la-naissance-du-Proph\u00e8te-P.jpg\" alt=\"\u00a0le peuple y\u00e9m\u00e9nVid\u00e9o ite et la ville de Sanaa habill\u00e9e de vert se pr\u00e9parent \u00e0 c\u00e9l\u00e9brer l'anniversaire de la naissance du Proph\u00e8te (P\" width=\"500\" height=\"260\" srcset=\"https:\/\/www.lejournalduforkane.com\/wp-content\/uploads\/2020\/10\/le-peuple-y\u00e9m\u00e9nVid\u00e9o-ite-et-la-ville-de-Sanaa-habill\u00e9e-de-vert-se-pr\u00e9parent-\u00e0-c\u00e9l\u00e9brer-lanniversaire-de-la-naissance-du-Proph\u00e8te-P.jpg 500w, https:\/\/www.lejournalduforkane.com\/wp-content\/uploads\/2020\/10\/le-peuple-y\u00e9m\u00e9nVid\u00e9o-ite-et-la-ville-de-Sanaa-habill\u00e9e-de-vert-se-pr\u00e9parent-\u00e0-c\u00e9l\u00e9brer-lanniversaire-de-la-naissance-du-Proph\u00e8te-P-300x156.jpg 300w\" sizes=\"(max-width: 500px) 100vw, 500px\" \/><\/p>\n","protected":false},"excerpt":{"rendered":"&nbsp;","protected":false},"author":2,"featured_media":0,"comment_status":"closed","ping_status":"open","sticky":false,"template":"","format":"standard","meta":[],"categories":[],"tags":[],"_links":{"self":[{"href":"https:\/\/www.lejournalduforkane.com\/index.php\/wp-json\/wp\/v2\/posts\/25546"}],"collection":[{"href":"https:\/\/www.lejournalduforkane.com\/index.php\/wp-json\/wp\/v2\/posts"}],"about":[{"href":"https:\/\/www.lejournalduforkane.com\/index.php\/wp-json\/wp\/v2\/types\/post"}],"author":[{"embeddable":true,"href":"https:\/\/www.lejournalduforkane.com\/index.php\/wp-json\/wp\/v2\/users\/2"}],"replies":[{"embeddable":true,"href":"https:\/\/www.lejournalduforkane.com\/index.php\/wp-json\/wp\/v2\/comments?post=25546"}],"version-history":[{"count":1,"href":"https:\/\/www.lejournalduforkane.com\/index.php\/wp-json\/wp\/v2\/posts\/25546\/revisions"}],"predecessor-version":[{"id":25548,"href":"https:\/\/www.lejournalduforkane.com\/index.php\/wp-json\/wp\/v2\/posts\/25546\/revisions\/25548"}],"wp:attachment":[{"href":"https:\/\/www.lejournalduforkane.com\/index.php\/wp-json\/wp\/v2\/media?parent=25546"}],"wp:term":[{"taxonomy":"category","embeddable":true,"href":"https:\/\/www.lejournalduforkane.com\/index.php\/wp-json\/wp\/v2\/categories?post=25546"},{"taxonomy":"post_tag","embeddable":true,"href":"https:\/\/www.lejournalduforkane.com\/index.php\/wp-json\/wp\/v2\/tags?post=25546"}],"curies":[{"name":"wp","href":"https:\/\/api.w.org\/{rel}","templated":true}]}}