
{"id":25648,"date":"2020-11-25T18:35:36","date_gmt":"2020-11-25T18:35:36","guid":{"rendered":"https:\/\/www.lejournalduforkane.com\/?p=25648"},"modified":"2020-11-25T18:35:36","modified_gmt":"2020-11-25T18:35:36","slug":"diego-maradona-dans-mon-coeur-je-suis-palestinien","status":"publish","type":"post","link":"https:\/\/www.lejournalduforkane.com\/index.php\/diego-maradona-dans-mon-coeur-je-suis-palestinien\/","title":{"rendered":"Diego Maradona : \u00ab Dans mon c\u0153ur, je suis Palestinien \u00bb"},"content":{"rendered":"<p><!--more--><\/p>\n<div dir=\"auto\">A Moscou pour la finale de la Coupe du Monde, la l\u00e9gende argentine avait \u00e9treint le pr\u00e9sident Mahmoud Abbad, en affirmant : \u00ab\u00a0Cet homme veut la paix\u00a0\u00bb et a \u00ab\u00a0un pays \u00e0 part enti\u00e8re\u00a0\u00bb<\/div>\n<div dir=\"auto\"><\/div>\n<p><iframe loading=\"lazy\" width=\"560\" height=\"315\" src=\"https:\/\/www.youtube.com\/embed\/VFYZ4lw5-qc\" frameborder=\"0\" allow=\"accelerometer; autoplay; clipboard-write; encrypted-media; gyroscope; picture-in-picture\" allowfullscreen><\/iframe><\/p>\n<div dir=\"auto\"><\/div>\n<div dir=\"auto\"><img loading=\"lazy\" class=\"alignnone size-full wp-image-25653\" src=\"https:\/\/www.lejournalduforkane.com\/wp-content\/uploads\/2020\/11\/Dans-mon-c\u0153ur-je-suis-Palestinien.jpg\" alt=\"Dans mon c\u0153ur, je suis Palestinien\" width=\"580\" height=\"372\" srcset=\"https:\/\/www.lejournalduforkane.com\/wp-content\/uploads\/2020\/11\/Dans-mon-c\u0153ur-je-suis-Palestinien.jpg 580w, https:\/\/www.lejournalduforkane.com\/wp-content\/uploads\/2020\/11\/Dans-mon-c\u0153ur-je-suis-Palestinien-300x192.jpg 300w\" sizes=\"(max-width: 580px) 100vw, 580px\" \/><\/div>\n","protected":false},"excerpt":{"rendered":"A Moscou pour la finale de la Coupe du Monde, la l\u00e9gende argentine avait \u00e9treint le pr\u00e9sident Mahmoud Abbad, en affirmant : \"Cet homme veut la paix\" et a \"un","protected":false},"author":2,"featured_media":0,"comment_status":"closed","ping_status":"open","sticky":false,"template":"","format":"standard","meta":[],"categories":[],"tags":[],"_links":{"self":[{"href":"https:\/\/www.lejournalduforkane.com\/index.php\/wp-json\/wp\/v2\/posts\/25648"}],"collection":[{"href":"https:\/\/www.lejournalduforkane.com\/index.php\/wp-json\/wp\/v2\/posts"}],"about":[{"href":"https:\/\/www.lejournalduforkane.com\/index.php\/wp-json\/wp\/v2\/types\/post"}],"author":[{"embeddable":true,"href":"https:\/\/www.lejournalduforkane.com\/index.php\/wp-json\/wp\/v2\/users\/2"}],"replies":[{"embeddable":true,"href":"https:\/\/www.lejournalduforkane.com\/index.php\/wp-json\/wp\/v2\/comments?post=25648"}],"version-history":[{"count":1,"href":"https:\/\/www.lejournalduforkane.com\/index.php\/wp-json\/wp\/v2\/posts\/25648\/revisions"}],"predecessor-version":[{"id":25654,"href":"https:\/\/www.lejournalduforkane.com\/index.php\/wp-json\/wp\/v2\/posts\/25648\/revisions\/25654"}],"wp:attachment":[{"href":"https:\/\/www.lejournalduforkane.com\/index.php\/wp-json\/wp\/v2\/media?parent=25648"}],"wp:term":[{"taxonomy":"category","embeddable":true,"href":"https:\/\/www.lejournalduforkane.com\/index.php\/wp-json\/wp\/v2\/categories?post=25648"},{"taxonomy":"post_tag","embeddable":true,"href":"https:\/\/www.lejournalduforkane.com\/index.php\/wp-json\/wp\/v2\/tags?post=25648"}],"curies":[{"name":"wp","href":"https:\/\/api.w.org\/{rel}","templated":true}]}}