
{"id":25680,"date":"2020-11-30T19:10:49","date_gmt":"2020-11-30T19:10:49","guid":{"rendered":"https:\/\/www.lejournalduforkane.com\/?p=25680"},"modified":"2020-12-01T19:12:53","modified_gmt":"2020-12-01T19:12:53","slug":"video-les-forces-dansarullah-semparent-de-plusieurs-zones-a-linterieur-de-la-province-frontaliere-saoudienne","status":"publish","type":"post","link":"https:\/\/www.lejournalduforkane.com\/index.php\/video-les-forces-dansarullah-semparent-de-plusieurs-zones-a-linterieur-de-la-province-frontaliere-saoudienne\/","title":{"rendered":"VID\u00c9O : les forces d&rsquo;Ansarullah s&#8217;emparent de plusieurs zones \u00e0 l&rsquo;int\u00e9rieur de la province frontali\u00e8re saoudienne"},"content":{"rendered":"<p style=\"text-align: justify;\"><!--more--><\/p>\n<div class=\"kvgmc6g5 cxmmr5t8 oygrvhab hcukyx3x c1et5uql ii04i59q\" style=\"text-align: justify;\">\n<div dir=\"auto\">Le Mouvement Ansarallah (forces houthistes) a r\u00e9cemment r\u00e9alis\u00e9 une avanc\u00e9e consid\u00e9rable dans la r\u00e9gion sud de l&rsquo;Arabie saoudite, \u00e0 la suite d&rsquo;une op\u00e9ration majeure dans la r\u00e9gion d&rsquo;Al-Dahrah de la province de Najran.<\/div>\n<div dir=\"auto\"><\/div>\n<\/div>\n<div class=\"o9v6fnle cxmmr5t8 oygrvhab hcukyx3x c1et5uql ii04i59q\" style=\"text-align: justify;\">Selon la cha\u00eene Y\u00e9men Al-Masirah TV, le Mouvement Ansarallah a pu capturer plusieurs points \u00e0 l&rsquo;int\u00e9rieur de la province de Najran apr\u00e8s avoir pris des mesures contre les forces gouvernementales pro-y\u00e9m\u00e9nites et leurs alli\u00e9s le long de la fronti\u00e8re y\u00e9m\u00e9no-saoudienne.<\/div>\n<div class=\"o9v6fnle cxmmr5t8 oygrvhab hcukyx3x c1et5uql ii04i59q\">\n<div dir=\"auto\" style=\"text-align: justify;\">Dans la vid\u00e9o publi\u00e9e par la branche m\u00e9diatique militaire du Mouvement Ansarallah, les forces du Mouvement Ansarallah peuvent \u00eatre vues avancer dans la r\u00e9gion d&rsquo;Al-Dahrah, au milieu de l&rsquo;effondrement des d\u00e9fenses ennemies.<\/div>\n<\/div>\n<div dir=\"auto\"><\/div>\n<div dir=\"auto\">\u00a0<iframe loading=\"lazy\" src=\"https:\/\/www.youtube.com\/embed\/Khw5SommfF4\" width=\"560\" height=\"315\" frameborder=\"0\" allowfullscreen=\"allowfullscreen\"><\/iframe><\/div>\n<div dir=\"auto\"><\/div>\n<div dir=\"auto\"><img loading=\"lazy\" class=\"size-full wp-image-25681 alignleft\" src=\"https:\/\/www.lejournalduforkane.com\/wp-content\/uploads\/2020\/12\/les-forces-dAnsarullah-semparent-de-plusieurs-zones-\u00e0-lint\u00e9rieur-de-la-province-frontali\u00e8re-saoudiennE.jpg\" alt=\"les forces d'Ansarullah s'emparent de plusieurs zones \u00e0 l'int\u00e9rieur de la province frontali\u00e8re saoudiennE\" width=\"500\" height=\"260\" srcset=\"https:\/\/www.lejournalduforkane.com\/wp-content\/uploads\/2020\/12\/les-forces-dAnsarullah-semparent-de-plusieurs-zones-\u00e0-lint\u00e9rieur-de-la-province-frontali\u00e8re-saoudiennE.jpg 500w, https:\/\/www.lejournalduforkane.com\/wp-content\/uploads\/2020\/12\/les-forces-dAnsarullah-semparent-de-plusieurs-zones-\u00e0-lint\u00e9rieur-de-la-province-frontali\u00e8re-saoudiennE-300x156.jpg 300w\" sizes=\"(max-width: 500px) 100vw, 500px\" \/><\/div>\n","protected":false},"excerpt":{"rendered":"Le Mouvement Ansarallah (forces houthistes) a r\u00e9cemment r\u00e9alis\u00e9 une avanc\u00e9e consid\u00e9rable dans la r\u00e9gion sud de l'Arabie saoudite, \u00e0 la suite d'une op\u00e9ration majeure dans la r\u00e9gion d'Al-Dahrah de la","protected":false},"author":2,"featured_media":0,"comment_status":"closed","ping_status":"open","sticky":false,"template":"","format":"standard","meta":[],"categories":[],"tags":[],"_links":{"self":[{"href":"https:\/\/www.lejournalduforkane.com\/index.php\/wp-json\/wp\/v2\/posts\/25680"}],"collection":[{"href":"https:\/\/www.lejournalduforkane.com\/index.php\/wp-json\/wp\/v2\/posts"}],"about":[{"href":"https:\/\/www.lejournalduforkane.com\/index.php\/wp-json\/wp\/v2\/types\/post"}],"author":[{"embeddable":true,"href":"https:\/\/www.lejournalduforkane.com\/index.php\/wp-json\/wp\/v2\/users\/2"}],"replies":[{"embeddable":true,"href":"https:\/\/www.lejournalduforkane.com\/index.php\/wp-json\/wp\/v2\/comments?post=25680"}],"version-history":[{"count":1,"href":"https:\/\/www.lejournalduforkane.com\/index.php\/wp-json\/wp\/v2\/posts\/25680\/revisions"}],"predecessor-version":[{"id":25682,"href":"https:\/\/www.lejournalduforkane.com\/index.php\/wp-json\/wp\/v2\/posts\/25680\/revisions\/25682"}],"wp:attachment":[{"href":"https:\/\/www.lejournalduforkane.com\/index.php\/wp-json\/wp\/v2\/media?parent=25680"}],"wp:term":[{"taxonomy":"category","embeddable":true,"href":"https:\/\/www.lejournalduforkane.com\/index.php\/wp-json\/wp\/v2\/categories?post=25680"},{"taxonomy":"post_tag","embeddable":true,"href":"https:\/\/www.lejournalduforkane.com\/index.php\/wp-json\/wp\/v2\/tags?post=25680"}],"curies":[{"name":"wp","href":"https:\/\/api.w.org\/{rel}","templated":true}]}}