
{"id":25722,"date":"2020-12-08T19:05:05","date_gmt":"2020-12-08T19:05:05","guid":{"rendered":"https:\/\/www.lejournalduforkane.com\/?p=25722"},"modified":"2020-12-08T19:05:05","modified_gmt":"2020-12-08T19:05:05","slug":"lesclavage-a-t-il-ete-aboli-aux-etats-unis","status":"publish","type":"post","link":"https:\/\/www.lejournalduforkane.com\/index.php\/lesclavage-a-t-il-ete-aboli-aux-etats-unis\/","title":{"rendered":"L&rsquo;esclavage a-t-il \u00e9t\u00e9 aboli aux \u00c9tats-Unis ?"},"content":{"rendered":"<p><!--more--><\/p>\n<div style=\"width: 426px;\" class=\"wp-video\"><!--[if lt IE 9]><script>document.createElement('video');<\/script><![endif]-->\n<video class=\"wp-video-shortcode\" id=\"video-25722-1\" width=\"426\" height=\"426\" preload=\"metadata\" controls=\"controls\"><source type=\"video\/mp4\" src=\"https:\/\/www.lejournalduforkane.com\/wp-content\/uploads\/2020\/12\/130110839_416006202918947_2081724500785894550_n.mp4?_=1\" \/><a href=\"https:\/\/www.lejournalduforkane.com\/wp-content\/uploads\/2020\/12\/130110839_416006202918947_2081724500785894550_n.mp4\">https:\/\/www.lejournalduforkane.com\/wp-content\/uploads\/2020\/12\/130110839_416006202918947_2081724500785894550_n.mp4<\/a><\/video><\/div>\n<p><img loading=\"lazy\" class=\"alignnone size-full wp-image-25723\" src=\"https:\/\/www.lejournalduforkane.com\/wp-content\/uploads\/2020\/12\/esclvage.jpg\" alt=\"esclvage\" width=\"370\" height=\"208\" srcset=\"https:\/\/www.lejournalduforkane.com\/wp-content\/uploads\/2020\/12\/esclvage.jpg 370w, https:\/\/www.lejournalduforkane.com\/wp-content\/uploads\/2020\/12\/esclvage-300x169.jpg 300w\" sizes=\"(max-width: 370px) 100vw, 370px\" \/><\/p>\n","protected":false},"excerpt":{"rendered":"[video width=\"426\" height=\"426\" mp4=\"https:\/\/www.lejournalduforkane.com\/wp-content\/uploads\/2020\/12\/130110839_416006202918947_2081724500785894550_n.mp4\"][\/video]","protected":false},"author":2,"featured_media":0,"comment_status":"closed","ping_status":"open","sticky":false,"template":"","format":"standard","meta":[],"categories":[],"tags":[],"_links":{"self":[{"href":"https:\/\/www.lejournalduforkane.com\/index.php\/wp-json\/wp\/v2\/posts\/25722"}],"collection":[{"href":"https:\/\/www.lejournalduforkane.com\/index.php\/wp-json\/wp\/v2\/posts"}],"about":[{"href":"https:\/\/www.lejournalduforkane.com\/index.php\/wp-json\/wp\/v2\/types\/post"}],"author":[{"embeddable":true,"href":"https:\/\/www.lejournalduforkane.com\/index.php\/wp-json\/wp\/v2\/users\/2"}],"replies":[{"embeddable":true,"href":"https:\/\/www.lejournalduforkane.com\/index.php\/wp-json\/wp\/v2\/comments?post=25722"}],"version-history":[{"count":1,"href":"https:\/\/www.lejournalduforkane.com\/index.php\/wp-json\/wp\/v2\/posts\/25722\/revisions"}],"predecessor-version":[{"id":25725,"href":"https:\/\/www.lejournalduforkane.com\/index.php\/wp-json\/wp\/v2\/posts\/25722\/revisions\/25725"}],"wp:attachment":[{"href":"https:\/\/www.lejournalduforkane.com\/index.php\/wp-json\/wp\/v2\/media?parent=25722"}],"wp:term":[{"taxonomy":"category","embeddable":true,"href":"https:\/\/www.lejournalduforkane.com\/index.php\/wp-json\/wp\/v2\/categories?post=25722"},{"taxonomy":"post_tag","embeddable":true,"href":"https:\/\/www.lejournalduforkane.com\/index.php\/wp-json\/wp\/v2\/tags?post=25722"}],"curies":[{"name":"wp","href":"https:\/\/api.w.org\/{rel}","templated":true}]}}