
{"id":25726,"date":"2020-12-08T19:13:17","date_gmt":"2020-12-08T19:13:17","guid":{"rendered":"https:\/\/www.lejournalduforkane.com\/?p=25726"},"modified":"2022-07-18T11:27:25","modified_gmt":"2022-07-18T11:27:25","slug":"new-post-la-coalition-un-signe-de-faiblesse","status":"publish","type":"post","link":"https:\/\/www.lejournalduforkane.com\/index.php\/new-post-la-coalition-un-signe-de-faiblesse\/","title":{"rendered":"La coalition, un signe de faiblesse"},"content":{"rendered":"<p style=\"text-align: justify;\"><!--more-->Les coalitions accumulent une grande puissance. Mais cette puissance est un signe de faiblesse.l refl\u00e8te un signe qui r\u00e9v\u00e8le une organisation de plus en plus mondialis\u00e9e. Ce sont toujours certes, des occidentaux qui dirigent, par exemple, des forces aussi oppos\u00e9es que l\u2019Europe et des Etats arabo-musulmans.<\/p>\n<p style=\"text-align: justify;\">Il y a la coalition US avec pr\u00e8s de 68 pays, la coalition saoudienne d\u2019une dizaine de pays contre le Y\u00e9men. La guerre contre le Y\u00e9men, est un dangereux pr\u00e9c\u00e9dent. Si l\u2019Arabie est en opposition avec un pays, il lui suffira de rassembler des pays pour l\u2019attaquer. Ici le nerf de la guerre, ce sont les p\u00e9trodollars. Les saoudiens veulent former une puissance stable qui dure dans le temps, une arm\u00e9e arabe de 40 pays qui frappera les Musulmans de la R\u00e9sistance.<\/p>\n<p style=\"text-align: justify;\">Le but est bien l\u00e0\u00a0: cette coalition n\u2019est pas pour faire la guerre \u00e0 Isra\u00ebl (cern\u00e9 par les arabes depuis 70 ans). Aussi, la coalition suppose une responsabilit\u00e9 collective devant la catastrophe humanitaire et mat\u00e9rielle entra\u00een\u00e9e. Par exemple, depuis la coalition contre l\u2019Irak en 1990, personne ne s\u2019afflige plus\u00a0! Pourtant les morts se comptent par millions\u00a0! Tous sont coupables\u00a0!<\/p>\n<p style=\"text-align: center;\"><strong>Al-Mahdi va tout d\u00e9m\u00ealer et tous seront jug\u00e9s.<\/strong><\/p>\n<p style=\"text-align: center;\">\n<p style=\"text-align: center;\"><img loading=\"lazy\" class=\"wp-image-25729 aligncenter\" src=\"https:\/\/www.lejournalduforkane.com\/wp-content\/uploads\/2020\/12\/coalition1.jpg\" alt=\"coalition1\" width=\"685\" height=\"322\" srcset=\"https:\/\/www.lejournalduforkane.com\/wp-content\/uploads\/2020\/12\/coalition1.jpg 805w, https:\/\/www.lejournalduforkane.com\/wp-content\/uploads\/2020\/12\/coalition1-300x141.jpg 300w, https:\/\/www.lejournalduforkane.com\/wp-content\/uploads\/2020\/12\/coalition1-768x361.jpg 768w\" sizes=\"(max-width: 685px) 100vw, 685px\" \/><\/p>\n","protected":false},"excerpt":{"rendered":"Les coalitions accumulent une grande puissance. Mais cette puissance est un signe de faiblesse.l refl\u00e8te un signe qui r\u00e9v\u00e8le une organisation de plus en plus mondialis\u00e9e. Ce sont toujours certes,","protected":false},"author":2,"featured_media":25729,"comment_status":"closed","ping_status":"open","sticky":false,"template":"","format":"standard","meta":[],"categories":[],"tags":[],"_links":{"self":[{"href":"https:\/\/www.lejournalduforkane.com\/index.php\/wp-json\/wp\/v2\/posts\/25726"}],"collection":[{"href":"https:\/\/www.lejournalduforkane.com\/index.php\/wp-json\/wp\/v2\/posts"}],"about":[{"href":"https:\/\/www.lejournalduforkane.com\/index.php\/wp-json\/wp\/v2\/types\/post"}],"author":[{"embeddable":true,"href":"https:\/\/www.lejournalduforkane.com\/index.php\/wp-json\/wp\/v2\/users\/2"}],"replies":[{"embeddable":true,"href":"https:\/\/www.lejournalduforkane.com\/index.php\/wp-json\/wp\/v2\/comments?post=25726"}],"version-history":[{"count":2,"href":"https:\/\/www.lejournalduforkane.com\/index.php\/wp-json\/wp\/v2\/posts\/25726\/revisions"}],"predecessor-version":[{"id":28870,"href":"https:\/\/www.lejournalduforkane.com\/index.php\/wp-json\/wp\/v2\/posts\/25726\/revisions\/28870"}],"wp:featuredmedia":[{"embeddable":true,"href":"https:\/\/www.lejournalduforkane.com\/index.php\/wp-json\/wp\/v2\/media\/25729"}],"wp:attachment":[{"href":"https:\/\/www.lejournalduforkane.com\/index.php\/wp-json\/wp\/v2\/media?parent=25726"}],"wp:term":[{"taxonomy":"category","embeddable":true,"href":"https:\/\/www.lejournalduforkane.com\/index.php\/wp-json\/wp\/v2\/categories?post=25726"},{"taxonomy":"post_tag","embeddable":true,"href":"https:\/\/www.lejournalduforkane.com\/index.php\/wp-json\/wp\/v2\/tags?post=25726"}],"curies":[{"name":"wp","href":"https:\/\/api.w.org\/{rel}","templated":true}]}}