
{"id":25782,"date":"2020-12-21T17:14:49","date_gmt":"2020-12-21T17:14:49","guid":{"rendered":"https:\/\/www.lejournalduforkane.com\/?p=25782"},"modified":"2020-12-23T17:18:09","modified_gmt":"2020-12-23T17:18:09","slug":"regardez-dans-une-interview-sur-un-programme-israelien-des-delegues-emiratis-en-israel-ont-salue-les-soldats-israeliens-et-dit-quils-les-ont-vu-sauves-des-vies-de-femmes-et-denfants","status":"publish","type":"post","link":"https:\/\/www.lejournalduforkane.com\/index.php\/regardez-dans-une-interview-sur-un-programme-israelien-des-delegues-emiratis-en-israel-ont-salue-les-soldats-israeliens-et-dit-quils-les-ont-vu-sauves-des-vies-de-femmes-et-denfants\/","title":{"rendered":"Regardez | Dans une interview sur un programme isra\u00e9lien, des d\u00e9l\u00e9gu\u00e9s \u00e9miratis en Isra\u00ebl ont salu\u00e9 les soldats isra\u00e9liens et dit qu&rsquo;ils les ont vu sauv\u00e9s des vies de femmes et d&rsquo;enfants !"},"content":{"rendered":"<p><!--more--><\/p>\n<p>Regardez | Dans une interview sur un programme isra\u00e9lien, des d\u00e9l\u00e9gu\u00e9s \u00e9miratis en Isra\u00ebl ont salu\u00e9 les soldats isra\u00e9liens et dit qu&rsquo;ils les ont vu sauv\u00e9s des vies de femmes et d&rsquo;enfants !<\/p>\n<p>&nbsp;<\/p>\n<div style=\"width: 372px;\" class=\"wp-video\"><!--[if lt IE 9]><script>document.createElement('video');<\/script><![endif]-->\n<video class=\"wp-video-shortcode\" id=\"video-25782-1\" width=\"372\" height=\"426\" preload=\"metadata\" controls=\"controls\"><source type=\"video\/mp4\" src=\"https:\/\/www.lejournalduforkane.com\/wp-content\/uploads\/2020\/12\/132141737_4285773191449179_2586095939627155588_n.mp4?_=1\" \/><a href=\"https:\/\/www.lejournalduforkane.com\/wp-content\/uploads\/2020\/12\/132141737_4285773191449179_2586095939627155588_n.mp4\">https:\/\/www.lejournalduforkane.com\/wp-content\/uploads\/2020\/12\/132141737_4285773191449179_2586095939627155588_n.mp4<\/a><\/video><\/div>\n<p>&nbsp;<\/p>\n<p><img loading=\"lazy\" class=\"alignnone size-full wp-image-25784\" src=\"https:\/\/www.lejournalduforkane.com\/wp-content\/uploads\/2020\/12\/Dans-une-interview-sur-un-programme-isra\u00e9lien-des-d\u00e9l\u00e9gu\u00e9s-\u00e9miratis-en-Isra\u00ebl-ont-salu\u00e9-les-soldats-isra\u00e9liens-et-dit-quils-les-ont-vu-sauv\u00e9s-des-vies-de-femmes-et-denfants-.jpg\" alt=\"Dans une interview sur un programme isra\u00e9lien, des d\u00e9l\u00e9gu\u00e9s \u00e9miratis en Isra\u00ebl ont salu\u00e9 les soldats isra\u00e9liens et dit qu'ils les ont vu sauv\u00e9s des vies de femmes et d'enfants !\" width=\"333\" height=\"225\" srcset=\"https:\/\/www.lejournalduforkane.com\/wp-content\/uploads\/2020\/12\/Dans-une-interview-sur-un-programme-isra\u00e9lien-des-d\u00e9l\u00e9gu\u00e9s-\u00e9miratis-en-Isra\u00ebl-ont-salu\u00e9-les-soldats-isra\u00e9liens-et-dit-quils-les-ont-vu-sauv\u00e9s-des-vies-de-femmes-et-denfants-.jpg 333w, https:\/\/www.lejournalduforkane.com\/wp-content\/uploads\/2020\/12\/Dans-une-interview-sur-un-programme-isra\u00e9lien-des-d\u00e9l\u00e9gu\u00e9s-\u00e9miratis-en-Isra\u00ebl-ont-salu\u00e9-les-soldats-isra\u00e9liens-et-dit-quils-les-ont-vu-sauv\u00e9s-des-vies-de-femmes-et-denfants--300x203.jpg 300w\" sizes=\"(max-width: 333px) 100vw, 333px\" \/><\/p>\n","protected":false},"excerpt":{"rendered":"Regardez | Dans une interview sur un programme isra\u00e9lien, des d\u00e9l\u00e9gu\u00e9s \u00e9miratis en Isra\u00ebl ont salu\u00e9 les soldats isra\u00e9liens et dit qu'ils les ont vu sauv\u00e9s des vies de femmes","protected":false},"author":2,"featured_media":0,"comment_status":"closed","ping_status":"open","sticky":false,"template":"","format":"standard","meta":[],"categories":[],"tags":[],"_links":{"self":[{"href":"https:\/\/www.lejournalduforkane.com\/index.php\/wp-json\/wp\/v2\/posts\/25782"}],"collection":[{"href":"https:\/\/www.lejournalduforkane.com\/index.php\/wp-json\/wp\/v2\/posts"}],"about":[{"href":"https:\/\/www.lejournalduforkane.com\/index.php\/wp-json\/wp\/v2\/types\/post"}],"author":[{"embeddable":true,"href":"https:\/\/www.lejournalduforkane.com\/index.php\/wp-json\/wp\/v2\/users\/2"}],"replies":[{"embeddable":true,"href":"https:\/\/www.lejournalduforkane.com\/index.php\/wp-json\/wp\/v2\/comments?post=25782"}],"version-history":[{"count":2,"href":"https:\/\/www.lejournalduforkane.com\/index.php\/wp-json\/wp\/v2\/posts\/25782\/revisions"}],"predecessor-version":[{"id":25787,"href":"https:\/\/www.lejournalduforkane.com\/index.php\/wp-json\/wp\/v2\/posts\/25782\/revisions\/25787"}],"wp:attachment":[{"href":"https:\/\/www.lejournalduforkane.com\/index.php\/wp-json\/wp\/v2\/media?parent=25782"}],"wp:term":[{"taxonomy":"category","embeddable":true,"href":"https:\/\/www.lejournalduforkane.com\/index.php\/wp-json\/wp\/v2\/categories?post=25782"},{"taxonomy":"post_tag","embeddable":true,"href":"https:\/\/www.lejournalduforkane.com\/index.php\/wp-json\/wp\/v2\/tags?post=25782"}],"curies":[{"name":"wp","href":"https:\/\/api.w.org\/{rel}","templated":true}]}}