
{"id":25798,"date":"2020-12-26T17:10:30","date_gmt":"2020-12-26T17:10:30","guid":{"rendered":"https:\/\/www.lejournalduforkane.com\/?p=25798"},"modified":"2022-07-18T11:27:15","modified_gmt":"2022-07-18T11:27:15","slug":"new-post-lislam-est-attaque","status":"publish","type":"post","link":"https:\/\/www.lejournalduforkane.com\/index.php\/new-post-lislam-est-attaque\/","title":{"rendered":"L\u2019Islam est attaqu\u00e9"},"content":{"rendered":"<p style=\"text-align: justify;\"><!--more--><\/p>\n<p style=\"text-align: justify;\">\u00a0De mani\u00e8re imperceptible, c\u2019est la fin des guerres d\u2019il y a longtemps. On pense \u00e0 l\u2019Irlande du Nord, l\u2019Afrique du Sud et la Colombie etc.<\/p>\n<p style=\"text-align: justify;\">C\u2019est que les Musulmans du monde et \u00e0 leur t\u00eate, l\u2019Iran, vont \u00eatre de plus en plus la cible des nations coalis\u00e9es. L\u2019Islam dont on parle tant sciemment, serait responsable du malaise mondial qui frappe le monde entier.<\/p>\n<p style=\"text-align: justify;\">Voici comment l\u2019Iran se fait accuser \u00e0 la place d\u2019Isra\u00ebl \u00e0 force de bourrage de cr\u00e2ne m\u00e9diatique.<\/p>\n<p style=\"text-align: center;\"><strong>Avec Al-Mahdi, l\u2019Islam ne sera plus attaqu\u00e9 car tous seront musulmans.<\/strong><\/p>\n<p style=\"text-align: justify;\">\n<p style=\"text-align: justify;\"><img loading=\"lazy\" class=\"alignnone size-full wp-image-25801\" src=\"https:\/\/www.lejournalduforkane.com\/wp-content\/uploads\/2020\/12\/L\u2019Islam-est-attaqu\u00e91.jpg\" alt=\"L\u2019Islam est attaqu\u00e91\" width=\"730\" height=\"410\" srcset=\"https:\/\/www.lejournalduforkane.com\/wp-content\/uploads\/2020\/12\/L\u2019Islam-est-attaqu\u00e91.jpg 730w, https:\/\/www.lejournalduforkane.com\/wp-content\/uploads\/2020\/12\/L\u2019Islam-est-attaqu\u00e91-300x168.jpg 300w\" sizes=\"(max-width: 730px) 100vw, 730px\" \/><\/p>\n","protected":false},"excerpt":{"rendered":"\u00a0De mani\u00e8re imperceptible, c\u2019est la fin des guerres d\u2019il y a longtemps. On pense \u00e0 l\u2019Irlande du Nord, l\u2019Afrique du Sud et la Colombie etc. C\u2019est que les Musulmans du","protected":false},"author":2,"featured_media":0,"comment_status":"closed","ping_status":"open","sticky":false,"template":"","format":"standard","meta":[],"categories":[],"tags":[],"_links":{"self":[{"href":"https:\/\/www.lejournalduforkane.com\/index.php\/wp-json\/wp\/v2\/posts\/25798"}],"collection":[{"href":"https:\/\/www.lejournalduforkane.com\/index.php\/wp-json\/wp\/v2\/posts"}],"about":[{"href":"https:\/\/www.lejournalduforkane.com\/index.php\/wp-json\/wp\/v2\/types\/post"}],"author":[{"embeddable":true,"href":"https:\/\/www.lejournalduforkane.com\/index.php\/wp-json\/wp\/v2\/users\/2"}],"replies":[{"embeddable":true,"href":"https:\/\/www.lejournalduforkane.com\/index.php\/wp-json\/wp\/v2\/comments?post=25798"}],"version-history":[{"count":2,"href":"https:\/\/www.lejournalduforkane.com\/index.php\/wp-json\/wp\/v2\/posts\/25798\/revisions"}],"predecessor-version":[{"id":28868,"href":"https:\/\/www.lejournalduforkane.com\/index.php\/wp-json\/wp\/v2\/posts\/25798\/revisions\/28868"}],"wp:attachment":[{"href":"https:\/\/www.lejournalduforkane.com\/index.php\/wp-json\/wp\/v2\/media?parent=25798"}],"wp:term":[{"taxonomy":"category","embeddable":true,"href":"https:\/\/www.lejournalduforkane.com\/index.php\/wp-json\/wp\/v2\/categories?post=25798"},{"taxonomy":"post_tag","embeddable":true,"href":"https:\/\/www.lejournalduforkane.com\/index.php\/wp-json\/wp\/v2\/tags?post=25798"}],"curies":[{"name":"wp","href":"https:\/\/api.w.org\/{rel}","templated":true}]}}