
{"id":25902,"date":"2021-01-20T19:27:54","date_gmt":"2021-01-20T19:27:54","guid":{"rendered":"https:\/\/www.lejournalduforkane.com\/?p=25902"},"modified":"2022-07-18T11:26:56","modified_gmt":"2022-07-18T11:26:56","slug":"new-post-que-le-koweit-continue-sur-ce-chemin","status":"publish","type":"post","link":"https:\/\/www.lejournalduforkane.com\/index.php\/new-post-que-le-koweit-continue-sur-ce-chemin\/","title":{"rendered":"Que le Kowe\u00eft continue sur ce chemin !"},"content":{"rendered":"<p style=\"text-align: justify;\"><!--more--><\/p>\n<p style=\"text-align: justify;\">L e Kowe\u00eft est un pays temp\u00e9r\u00e9 et tol\u00e9rant. Attaqu\u00e9 par l\u2019Irak de Saddam <img loading=\"lazy\" class=\" wp-image-25903 alignright\" src=\"https:\/\/www.lejournalduforkane.com\/wp-content\/uploads\/2021\/01\/Que-le-Kowe\u00eft-continue-sur-ce-chemin-.jpg\" alt=\"Que le Kowe\u00eft continue sur ce chemin !\" width=\"213\" height=\"138\" \/>qui conna\u00eetra l\u2019embargo criminel, le Kowe\u00eft demande la fin de l\u2019embargo de l\u2019Irak. Il ne fait pas partie de la coalition US.<\/p>\n<p style=\"text-align: justify;\">Un certain Cohen (USA) l\u2019interpelle pour que son pays rejoigne la coalition. Dans la crise du Qatar, comme c\u2019est le Kowe\u00eft qui organise la r\u00e9union des pays du Golfe (CCGP), il invite le Qatar \u00e0 y participer dans l\u2019intention de calmer les tensions.<\/p>\n<p style=\"text-align: justify;\">Auparavant, un saoudien s\u2019est fait exploser dans une mosqu\u00e9e du pays. Le chef de l\u2019Etat rend visite \u00e0 l\u2019h\u00f4pital m\u00eame aux chiites bless\u00e9s. A l\u2019inverse des saoudiens qui commettent tous les crimes. Il est certain que pour Al-Mahdi, le Kowe\u00eft ne sera pas jug\u00e9 comme l\u2019Arabie.<\/p>\n","protected":false},"excerpt":{"rendered":"L e Kowe\u00eft est un pays temp\u00e9r\u00e9 et tol\u00e9rant. Attaqu\u00e9 par l\u2019Irak de Saddam qui conna\u00eetra l\u2019embargo criminel, le Kowe\u00eft demande la fin de l\u2019embargo de l\u2019Irak. Il ne fait","protected":false},"author":2,"featured_media":0,"comment_status":"closed","ping_status":"open","sticky":false,"template":"","format":"standard","meta":[],"categories":[],"tags":[],"_links":{"self":[{"href":"https:\/\/www.lejournalduforkane.com\/index.php\/wp-json\/wp\/v2\/posts\/25902"}],"collection":[{"href":"https:\/\/www.lejournalduforkane.com\/index.php\/wp-json\/wp\/v2\/posts"}],"about":[{"href":"https:\/\/www.lejournalduforkane.com\/index.php\/wp-json\/wp\/v2\/types\/post"}],"author":[{"embeddable":true,"href":"https:\/\/www.lejournalduforkane.com\/index.php\/wp-json\/wp\/v2\/users\/2"}],"replies":[{"embeddable":true,"href":"https:\/\/www.lejournalduforkane.com\/index.php\/wp-json\/wp\/v2\/comments?post=25902"}],"version-history":[{"count":2,"href":"https:\/\/www.lejournalduforkane.com\/index.php\/wp-json\/wp\/v2\/posts\/25902\/revisions"}],"predecessor-version":[{"id":28865,"href":"https:\/\/www.lejournalduforkane.com\/index.php\/wp-json\/wp\/v2\/posts\/25902\/revisions\/28865"}],"wp:attachment":[{"href":"https:\/\/www.lejournalduforkane.com\/index.php\/wp-json\/wp\/v2\/media?parent=25902"}],"wp:term":[{"taxonomy":"category","embeddable":true,"href":"https:\/\/www.lejournalduforkane.com\/index.php\/wp-json\/wp\/v2\/categories?post=25902"},{"taxonomy":"post_tag","embeddable":true,"href":"https:\/\/www.lejournalduforkane.com\/index.php\/wp-json\/wp\/v2\/tags?post=25902"}],"curies":[{"name":"wp","href":"https:\/\/api.w.org\/{rel}","templated":true}]}}