
{"id":25965,"date":"2021-02-08T13:15:33","date_gmt":"2021-02-08T13:15:33","guid":{"rendered":"https:\/\/www.lejournalduforkane.com\/?p=25965"},"modified":"2021-02-14T13:21:04","modified_gmt":"2021-02-14T13:21:04","slug":"video-une-base-secrete-dans-le-nord-ouest-de-la-syrie-rasee","status":"publish","type":"post","link":"https:\/\/www.lejournalduforkane.com\/index.php\/video-une-base-secrete-dans-le-nord-ouest-de-la-syrie-rasee\/","title":{"rendered":"VIDEO : Une base secr\u00e8te dans le nord-ouest de la Syrie ras\u00e9e !"},"content":{"rendered":"<p style=\"text-align: justify;\"><!--more--><\/p>\n<div class=\"kvgmc6g5 cxmmr5t8 oygrvhab hcukyx3x c1et5uql ii04i59q\" style=\"text-align: justify;\">\n<div dir=\"auto\">Les Forces a\u00e9rospatiales russes ont poursuivi cette semaine leur campagne a\u00e9rienne au-dessus<img loading=\"lazy\" class=\" wp-image-25966 alignright\" src=\"https:\/\/www.lejournalduforkane.com\/wp-content\/uploads\/2021\/02\/Une-base-secr\u00e8te-dans-le-nord-ouest-de-la-Syrie-ras\u00e9e.jpg\" alt=\"Une base secr\u00e8te dans le nord-ouest de la Syrie ras\u00e9e\" width=\"312\" height=\"162\" srcset=\"https:\/\/www.lejournalduforkane.com\/wp-content\/uploads\/2021\/02\/Une-base-secr\u00e8te-dans-le-nord-ouest-de-la-Syrie-ras\u00e9e.jpg 500w, https:\/\/www.lejournalduforkane.com\/wp-content\/uploads\/2021\/02\/Une-base-secr\u00e8te-dans-le-nord-ouest-de-la-Syrie-ras\u00e9e-300x156.jpg 300w\" sizes=\"(max-width: 312px) 100vw, 312px\" \/> du nord-ouest de la Syrie, frappant une \u00abbase secr\u00e8te\u00bb appartenant aux rebelles terroristes \u00e0 c\u00f4t\u00e9 du gouvernorat d&rsquo;Idlib.<\/div>\n<div dir=\"auto\"><\/div>\n<\/div>\n<div class=\"o9v6fnle cxmmr5t8 oygrvhab hcukyx3x c1et5uql ii04i59q\" style=\"text-align: justify;\"><\/div>\n<div class=\"o9v6fnle cxmmr5t8 oygrvhab hcukyx3x c1et5uql ii04i59q\" style=\"text-align: justify;\">\n<div dir=\"auto\">La cha\u00eene russe YouTube, RusVesna.SU, a rapport\u00e9 cette semaine que les forces a\u00e9rospatiales russes ont cibl\u00e9 la base secr\u00e8te de Hay\u2019at Tahrir Al-Sham (HTS) dans le gouvernorat d&rsquo;Idlib, ce qui a entra\u00een\u00e9 leur destruction apr\u00e8s l&rsquo;attaque.<\/div>\n<div dir=\"auto\"><\/div>\n<\/div>\n<div class=\"o9v6fnle cxmmr5t8 oygrvhab hcukyx3x c1et5uql ii04i59q\" style=\"text-align: justify;\">\n<div dir=\"auto\">\u00ab\u00a0Des avions de reconnaissance a\u00e9rienne ont suivi le mouvement et les sites de la base secr\u00e8te des terroristes HTS, qui se trouvait \u00e0 18 km au nord d&rsquo;Idlib\u00a0\u00bb, a indiqu\u00e9 le site d&rsquo;information russe.<\/div>\n<div dir=\"auto\"><\/div>\n<\/div>\n<div class=\"o9v6fnle cxmmr5t8 oygrvhab hcukyx3x c1et5uql ii04i59q\" style=\"text-align: justify;\">\n<div dir=\"auto\">\u00abLors de la surveillance du v\u00e9hicule djihadiste (une camionnette avec une mitrailleuse de gros calibre), un tunnel souterrain a \u00e9t\u00e9 d\u00e9couvert o\u00f9 les militants Hayat Tahrir al-Sham cachaient leur \u00e9quipement aux bombardiers de premi\u00e8re ligne Su-24, qui ont d\u00e9truit l&rsquo;abri souterrain des terroristes avec le mat\u00e9riel \u00bb, ont-ils poursuivi.<\/div>\n<div dir=\"auto\"><\/div>\n<\/div>\n<div class=\"o9v6fnle cxmmr5t8 oygrvhab hcukyx3x c1et5uql ii04i59q\" style=\"text-align: justify;\">\n<div dir=\"auto\">\u00abDe plus, lors de l\u2019observation dans une zone bois\u00e9e, le si\u00e8ge du groupe sur le terrain a \u00e9t\u00e9 d\u00e9couvert, situ\u00e9 dans l\u2019un des b\u00e2timents; il a \u00e9t\u00e9 d\u00e9truit par des bombardements de pr\u00e9cision \u00bb, ont-ils soulign\u00e9.<\/div>\n<div dir=\"auto\"><\/div>\n<\/div>\n<div class=\"o9v6fnle cxmmr5t8 oygrvhab hcukyx3x c1et5uql ii04i59q\">\n<div dir=\"auto\" style=\"text-align: justify;\">Ils ajouteraient que \u00abl\u2019op\u00e9ration antiterroriste \u00e9tait une r\u00e9ponse logique \u00e0 l\u2019incapacit\u00e9 de la Turquie \u00e0 prendre le contr\u00f4le de ses propres groupes militants, qui attaquent syst\u00e9matiquement les zones contr\u00f4l\u00e9es par Damas dans la zone de d\u00e9sescalade d\u2019Idlib\u00bb.<\/div>\n<\/div>\n<p><iframe loading=\"lazy\" width=\"560\" height=\"315\" src=\"https:\/\/www.youtube.com\/embed\/a_hGHoyP9tc\" frameborder=\"0\" allow=\"accelerometer; autoplay; clipboard-write; encrypted-media; gyroscope; picture-in-picture\" allowfullscreen><\/iframe><\/p>\n","protected":false},"excerpt":{"rendered":"Les Forces a\u00e9rospatiales russes ont poursuivi cette semaine leur campagne a\u00e9rienne au-dessus du nord-ouest de la Syrie, frappant une \u00abbase secr\u00e8te\u00bb appartenant aux rebelles terroristes \u00e0 c\u00f4t\u00e9 du gouvernorat d'Idlib.","protected":false},"author":2,"featured_media":0,"comment_status":"closed","ping_status":"open","sticky":false,"template":"","format":"standard","meta":[],"categories":[],"tags":[],"_links":{"self":[{"href":"https:\/\/www.lejournalduforkane.com\/index.php\/wp-json\/wp\/v2\/posts\/25965"}],"collection":[{"href":"https:\/\/www.lejournalduforkane.com\/index.php\/wp-json\/wp\/v2\/posts"}],"about":[{"href":"https:\/\/www.lejournalduforkane.com\/index.php\/wp-json\/wp\/v2\/types\/post"}],"author":[{"embeddable":true,"href":"https:\/\/www.lejournalduforkane.com\/index.php\/wp-json\/wp\/v2\/users\/2"}],"replies":[{"embeddable":true,"href":"https:\/\/www.lejournalduforkane.com\/index.php\/wp-json\/wp\/v2\/comments?post=25965"}],"version-history":[{"count":1,"href":"https:\/\/www.lejournalduforkane.com\/index.php\/wp-json\/wp\/v2\/posts\/25965\/revisions"}],"predecessor-version":[{"id":25967,"href":"https:\/\/www.lejournalduforkane.com\/index.php\/wp-json\/wp\/v2\/posts\/25965\/revisions\/25967"}],"wp:attachment":[{"href":"https:\/\/www.lejournalduforkane.com\/index.php\/wp-json\/wp\/v2\/media?parent=25965"}],"wp:term":[{"taxonomy":"category","embeddable":true,"href":"https:\/\/www.lejournalduforkane.com\/index.php\/wp-json\/wp\/v2\/categories?post=25965"},{"taxonomy":"post_tag","embeddable":true,"href":"https:\/\/www.lejournalduforkane.com\/index.php\/wp-json\/wp\/v2\/tags?post=25965"}],"curies":[{"name":"wp","href":"https:\/\/api.w.org\/{rel}","templated":true}]}}