
{"id":26014,"date":"2021-02-17T18:33:59","date_gmt":"2021-02-17T18:33:59","guid":{"rendered":"https:\/\/www.lejournalduforkane.com\/?p=26014"},"modified":"2021-02-19T18:37:49","modified_gmt":"2021-02-19T18:37:49","slug":"video-trump-et-bolton-ont-ete-jetes-dans-les-poubelles-de-lhistoire","status":"publish","type":"post","link":"https:\/\/www.lejournalduforkane.com\/index.php\/video-trump-et-bolton-ont-ete-jetes-dans-les-poubelles-de-lhistoire\/","title":{"rendered":"Vid\u00e9o : Trump et Bolton ont \u00e9t\u00e9 jet\u00e9s dans les poubelles de l&rsquo;Histoire"},"content":{"rendered":"<p><!--more--><\/p>\n<div style=\"width: 426px;\" class=\"wp-video\"><!--[if lt IE 9]><script>document.createElement('video');<\/script><![endif]-->\n<video class=\"wp-video-shortcode\" id=\"video-26014-1\" width=\"426\" height=\"240\" preload=\"metadata\" controls=\"controls\"><source type=\"video\/mp4\" src=\"https:\/\/www.lejournalduforkane.com\/wp-content\/uploads\/2021\/02\/149940685_911023436334374_2654168189112293770_n.mp4?_=1\" \/><a href=\"https:\/\/www.lejournalduforkane.com\/wp-content\/uploads\/2021\/02\/149940685_911023436334374_2654168189112293770_n.mp4\">https:\/\/www.lejournalduforkane.com\/wp-content\/uploads\/2021\/02\/149940685_911023436334374_2654168189112293770_n.mp4<\/a><\/video><\/div>\n<p><img loading=\"lazy\" class=\"alignnone size-full wp-image-26016\" src=\"https:\/\/www.lejournalduforkane.com\/wp-content\/uploads\/2021\/02\/Trump-et-Bolton-ont-\u00e9t\u00e9-jet\u00e9s-dans-les-poubelles-de-lHistoirE.jpg\" alt=\"Trump et Bolton ont \u00e9t\u00e9 jet\u00e9s dans les poubelles de l'HistoirE\" width=\"494\" height=\"281\" srcset=\"https:\/\/www.lejournalduforkane.com\/wp-content\/uploads\/2021\/02\/Trump-et-Bolton-ont-\u00e9t\u00e9-jet\u00e9s-dans-les-poubelles-de-lHistoirE.jpg 494w, https:\/\/www.lejournalduforkane.com\/wp-content\/uploads\/2021\/02\/Trump-et-Bolton-ont-\u00e9t\u00e9-jet\u00e9s-dans-les-poubelles-de-lHistoirE-300x171.jpg 300w\" sizes=\"(max-width: 494px) 100vw, 494px\" \/><\/p>\n<p>&nbsp;<\/p>\n","protected":false},"excerpt":{"rendered":"[video width=\"426\" height=\"240\" mp4=\"https:\/\/www.lejournalduforkane.com\/wp-content\/uploads\/2021\/02\/149940685_911023436334374_2654168189112293770_n.mp4\"][\/video] &nbsp;","protected":false},"author":2,"featured_media":0,"comment_status":"closed","ping_status":"open","sticky":false,"template":"","format":"standard","meta":[],"categories":[],"tags":[],"_links":{"self":[{"href":"https:\/\/www.lejournalduforkane.com\/index.php\/wp-json\/wp\/v2\/posts\/26014"}],"collection":[{"href":"https:\/\/www.lejournalduforkane.com\/index.php\/wp-json\/wp\/v2\/posts"}],"about":[{"href":"https:\/\/www.lejournalduforkane.com\/index.php\/wp-json\/wp\/v2\/types\/post"}],"author":[{"embeddable":true,"href":"https:\/\/www.lejournalduforkane.com\/index.php\/wp-json\/wp\/v2\/users\/2"}],"replies":[{"embeddable":true,"href":"https:\/\/www.lejournalduforkane.com\/index.php\/wp-json\/wp\/v2\/comments?post=26014"}],"version-history":[{"count":1,"href":"https:\/\/www.lejournalduforkane.com\/index.php\/wp-json\/wp\/v2\/posts\/26014\/revisions"}],"predecessor-version":[{"id":26017,"href":"https:\/\/www.lejournalduforkane.com\/index.php\/wp-json\/wp\/v2\/posts\/26014\/revisions\/26017"}],"wp:attachment":[{"href":"https:\/\/www.lejournalduforkane.com\/index.php\/wp-json\/wp\/v2\/media?parent=26014"}],"wp:term":[{"taxonomy":"category","embeddable":true,"href":"https:\/\/www.lejournalduforkane.com\/index.php\/wp-json\/wp\/v2\/categories?post=26014"},{"taxonomy":"post_tag","embeddable":true,"href":"https:\/\/www.lejournalduforkane.com\/index.php\/wp-json\/wp\/v2\/tags?post=26014"}],"curies":[{"name":"wp","href":"https:\/\/api.w.org\/{rel}","templated":true}]}}