
{"id":26077,"date":"2021-03-15T04:29:47","date_gmt":"2021-03-15T04:29:47","guid":{"rendered":"https:\/\/www.lejournalduforkane.com\/?p=26077"},"modified":"2021-03-16T04:33:43","modified_gmt":"2021-03-16T04:33:43","slug":"video-larmee-syrienne-lance-une-operation-massive-contre-letat-islamique-dans-le-centre-de-la-syrie","status":"publish","type":"post","link":"https:\/\/www.lejournalduforkane.com\/index.php\/video-larmee-syrienne-lance-une-operation-massive-contre-letat-islamique-dans-le-centre-de-la-syrie\/","title":{"rendered":"VID\u00c9O: l&rsquo;arm\u00e9e syrienne lance une op\u00e9ration massive contre l&rsquo;Etat islamique dans le centre de la Syrie"},"content":{"rendered":"<p style=\"text-align: justify;\"><!--more--><\/p>\n<div class=\"kvgmc6g5 cxmmr5t8 oygrvhab hcukyx3x c1et5uql ii04i59q\" style=\"text-align: justify;\">\n<div dir=\"auto\">L&rsquo;Arm\u00e9e arabe syrienne (AAS), aux c\u00f4t\u00e9s de ses alli\u00e9s de la Brigade de J\u00e9rusalem dirig\u00e9e par les Palestiniens (Liwaa Al-Quds) et des forces arm\u00e9es russes, a lanc\u00e9 une op\u00e9ration militaire \u00e0 grande \u00e9chelle contre l&rsquo;organisation terroriste Daech dans la r\u00e9gion centrale de la R\u00e9publique arabe.<img loading=\"lazy\" class=\"wp-image-26078 alignright\" src=\"https:\/\/www.lejournalduforkane.com\/wp-content\/uploads\/2021\/03\/larm\u00e9e-syrienne-lance-une-op\u00e9ration-massive-contre-lEtat-islamique-dans-le-centre-de-la-Syrie.jpg\" alt=\"l'arm\u00e9e syrienne lance une op\u00e9ration massive contre l'Etat islamique dans le centre de la Syrie\" width=\"273\" height=\"142\" srcset=\"https:\/\/www.lejournalduforkane.com\/wp-content\/uploads\/2021\/03\/larm\u00e9e-syrienne-lance-une-op\u00e9ration-massive-contre-lEtat-islamique-dans-le-centre-de-la-Syrie.jpg 500w, https:\/\/www.lejournalduforkane.com\/wp-content\/uploads\/2021\/03\/larm\u00e9e-syrienne-lance-une-op\u00e9ration-massive-contre-lEtat-islamique-dans-le-centre-de-la-Syrie-300x156.jpg 300w\" sizes=\"(max-width: 273px) 100vw, 273px\" \/><\/div>\n<\/div>\n<div class=\"o9v6fnle cxmmr5t8 oygrvhab hcukyx3x c1et5uql ii04i59q\" style=\"text-align: justify;\"><\/div>\n<div class=\"o9v6fnle cxmmr5t8 oygrvhab hcukyx3x c1et5uql ii04i59q\" style=\"text-align: justify;\">\n<div dir=\"auto\">Selon les rapports du gouvernorat de Homs, l\u2019arm\u00e9e arabe syrienne et ses alli\u00e9s ont commenc\u00e9 \u00e0 viser massivement les positions de l\u2019\u00c9tat islamique dans la r\u00e9gion de Badiya Al-Sham, o\u00f9 le groupe terroriste a creus\u00e9 une vaste zone d\u2019influence dans le vaste d\u00e9sert syrien.<\/div>\n<\/div>\n<div class=\"o9v6fnle cxmmr5t8 oygrvhab hcukyx3x c1et5uql ii04i59q\" style=\"text-align: justify;\">\n<div dir=\"auto\">Outre les forces terrestres de l\u2019Arm\u00e9e arabe syrienne et de la Brigade de J\u00e9rusalem, les forces a\u00e9rospatiales russes ont commenc\u00e9 \u00e0 bombarder massivement les positions de l\u2019\u00c9tat islamique entre les gouvernorats de Homs, Hama et Deir Ezzor.<\/div>\n<div dir=\"auto\"><\/div>\n<\/div>\n<div class=\"o9v6fnle cxmmr5t8 oygrvhab hcukyx3x c1et5uql ii04i59q\" style=\"text-align: justify;\">\n<div dir=\"auto\">Ces frappes a\u00e9riennes des forces a\u00e9rospatiales russes ont forc\u00e9 l&rsquo;\u00c9tat islamique \u00e0 abandonner certaines de ses cachettes dans le centre de la Syrie, en particulier dans la partie montagneuse du d\u00e9sert syrien, que l&rsquo;Etat islamique a utilis\u00e9 pour \u00e9viter les patrouilles de l&rsquo;arm\u00e9e syrienne.<\/div>\n<div dir=\"auto\"><\/div>\n<\/div>\n<div class=\"o9v6fnle cxmmr5t8 oygrvhab hcukyx3x c1et5uql ii04i59q\" style=\"text-align: justify;\">\n<div dir=\"auto\">Dans une vid\u00e9o diffus\u00e9e ce week-end, les forces arm\u00e9es syriennes peuvent \u00eatre vues dans le d\u00e9sert, alors qu&rsquo;elles se pr\u00e9parent \u00e0 commencer leur op\u00e9ration contre l&rsquo;\u00c9tat islamique.<\/div>\n<div dir=\"auto\"><\/div>\n<\/div>\n<div class=\"o9v6fnle cxmmr5t8 oygrvhab hcukyx3x c1et5uql ii04i59q\" style=\"text-align: justify;\">\n<div dir=\"auto\">Plus tard, des images vid\u00e9o ont \u00e9merg\u00e9 de l&rsquo;arm\u00e9e syrienne parcourant des zones de la r\u00e9gion de Badiya Al-Sham, alors que des unit\u00e9s de sapeurs recherchaient des explosifs laiss\u00e9s par le groupe terroriste.<\/div>\n<\/div>\n<p style=\"text-align: justify;\"><iframe loading=\"lazy\" src=\"https:\/\/www.youtube.com\/embed\/HgSgY478YeU\" width=\"560\" height=\"315\" frameborder=\"0\" allowfullscreen=\"allowfullscreen\"><\/iframe><\/p>\n","protected":false},"excerpt":{"rendered":"L'Arm\u00e9e arabe syrienne (AAS), aux c\u00f4t\u00e9s de ses alli\u00e9s de la Brigade de J\u00e9rusalem dirig\u00e9e par les Palestiniens (Liwaa Al-Quds) et des forces arm\u00e9es russes, a lanc\u00e9 une op\u00e9ration militaire","protected":false},"author":2,"featured_media":0,"comment_status":"closed","ping_status":"open","sticky":false,"template":"","format":"standard","meta":[],"categories":[],"tags":[],"_links":{"self":[{"href":"https:\/\/www.lejournalduforkane.com\/index.php\/wp-json\/wp\/v2\/posts\/26077"}],"collection":[{"href":"https:\/\/www.lejournalduforkane.com\/index.php\/wp-json\/wp\/v2\/posts"}],"about":[{"href":"https:\/\/www.lejournalduforkane.com\/index.php\/wp-json\/wp\/v2\/types\/post"}],"author":[{"embeddable":true,"href":"https:\/\/www.lejournalduforkane.com\/index.php\/wp-json\/wp\/v2\/users\/2"}],"replies":[{"embeddable":true,"href":"https:\/\/www.lejournalduforkane.com\/index.php\/wp-json\/wp\/v2\/comments?post=26077"}],"version-history":[{"count":1,"href":"https:\/\/www.lejournalduforkane.com\/index.php\/wp-json\/wp\/v2\/posts\/26077\/revisions"}],"predecessor-version":[{"id":26079,"href":"https:\/\/www.lejournalduforkane.com\/index.php\/wp-json\/wp\/v2\/posts\/26077\/revisions\/26079"}],"wp:attachment":[{"href":"https:\/\/www.lejournalduforkane.com\/index.php\/wp-json\/wp\/v2\/media?parent=26077"}],"wp:term":[{"taxonomy":"category","embeddable":true,"href":"https:\/\/www.lejournalduforkane.com\/index.php\/wp-json\/wp\/v2\/categories?post=26077"},{"taxonomy":"post_tag","embeddable":true,"href":"https:\/\/www.lejournalduforkane.com\/index.php\/wp-json\/wp\/v2\/tags?post=26077"}],"curies":[{"name":"wp","href":"https:\/\/api.w.org\/{rel}","templated":true}]}}