
{"id":26183,"date":"2021-03-31T19:34:13","date_gmt":"2021-03-31T19:34:13","guid":{"rendered":"https:\/\/www.lejournalduforkane.com\/?p=26183"},"modified":"2022-07-18T11:26:45","modified_gmt":"2022-07-18T11:26:45","slug":"new-post-la-justice-divine-entre-misericorde-et-colere","status":"publish","type":"post","link":"https:\/\/www.lejournalduforkane.com\/index.php\/new-post-la-justice-divine-entre-misericorde-et-colere\/","title":{"rendered":"La justice divine entre mis\u00e9ricorde et col\u00e8re"},"content":{"rendered":"<p><br \/><!--more-->Les ch\u00e2timents divins sur la terre font intervenir 2 aspects en m\u00eame temps. <\/p>\n<p>D\u2019un c\u00f4t\u00e9, il y a la col\u00e8re avec les catastrophes, les massacres et les crises. De l\u2019autre c\u00f4t\u00e9, il y a la mis\u00e9ricorde qui consiste \u00e0 envoyer des sauveurs de l\u2019humanit\u00e9 \u00e0 chaque moment de l\u2019histoire et \u00e0 la fin des temps, Al-Mahdi et J\u00e9sus.<\/p>\n<p>Entre les 2, il y a l\u2019espoir du repentir. Tous ces aspects se r\u00e9sument en l\u2019attribut divin \u00ab Rabb \u00bb que l\u2019on traduit abusivement en \u00ab Seigneur \u00bb. En fait \u00ab Rabb \u00bb signifie litt\u00e9ralement \u00ab Educateur \u00bb. Si une personne se rebelle, alors il recevra des coups \u00e0 la mesure de ses d\u00e9sob\u00e9\u00efssances.<\/p>\n<p>L\u2019espoir, c\u2019est que sur le Tr\u00f4ne de Dieu, il est \u00e9crit : \u00ab Ma Mis\u00e9ricorde a devanc\u00e9 Ma Col\u00e8re \u00bb. Il n\u2019y a que mis\u00e9ricorde dans le monde d\u2019Al-Mahdi.<\/p>\n\n\n<div class=\"wp-block-cover has-background-dim\"><img loading=\"lazy\" width=\"720\" height=\"349\" class=\"wp-block-cover__image-background wp-image-26184\" alt=\"\" src=\"https:\/\/www.lejournalduforkane.com\/wp-content\/uploads\/2021\/03\/La-justice-divine-entre-misericorde-et-colere.jpg\" data-object-fit=\"cover\" srcset=\"https:\/\/www.lejournalduforkane.com\/wp-content\/uploads\/2021\/03\/La-justice-divine-entre-misericorde-et-colere.jpg 720w, https:\/\/www.lejournalduforkane.com\/wp-content\/uploads\/2021\/03\/La-justice-divine-entre-misericorde-et-colere-300x145.jpg 300w\" sizes=\"(max-width: 720px) 100vw, 720px\" \/><div class=\"wp-block-cover__inner-container\">\n<p class=\"has-large-font-size\"><\/p>\n<\/div><\/div>\n\n\n\n<p><\/p>\n","protected":false},"excerpt":{"rendered":"Les ch\u00e2timents divins sur la terre font intervenir 2 aspects en m\u00eame temps. D\u2019un c\u00f4t\u00e9, il y a la col\u00e8re avec les catastrophes, les massacres et les crises. De l\u2019autre","protected":false},"author":2,"featured_media":26184,"comment_status":"closed","ping_status":"open","sticky":false,"template":"","format":"standard","meta":[],"categories":[],"tags":[],"_links":{"self":[{"href":"https:\/\/www.lejournalduforkane.com\/index.php\/wp-json\/wp\/v2\/posts\/26183"}],"collection":[{"href":"https:\/\/www.lejournalduforkane.com\/index.php\/wp-json\/wp\/v2\/posts"}],"about":[{"href":"https:\/\/www.lejournalduforkane.com\/index.php\/wp-json\/wp\/v2\/types\/post"}],"author":[{"embeddable":true,"href":"https:\/\/www.lejournalduforkane.com\/index.php\/wp-json\/wp\/v2\/users\/2"}],"replies":[{"embeddable":true,"href":"https:\/\/www.lejournalduforkane.com\/index.php\/wp-json\/wp\/v2\/comments?post=26183"}],"version-history":[{"count":3,"href":"https:\/\/www.lejournalduforkane.com\/index.php\/wp-json\/wp\/v2\/posts\/26183\/revisions"}],"predecessor-version":[{"id":28863,"href":"https:\/\/www.lejournalduforkane.com\/index.php\/wp-json\/wp\/v2\/posts\/26183\/revisions\/28863"}],"wp:featuredmedia":[{"embeddable":true,"href":"https:\/\/www.lejournalduforkane.com\/index.php\/wp-json\/wp\/v2\/media\/26184"}],"wp:attachment":[{"href":"https:\/\/www.lejournalduforkane.com\/index.php\/wp-json\/wp\/v2\/media?parent=26183"}],"wp:term":[{"taxonomy":"category","embeddable":true,"href":"https:\/\/www.lejournalduforkane.com\/index.php\/wp-json\/wp\/v2\/categories?post=26183"},{"taxonomy":"post_tag","embeddable":true,"href":"https:\/\/www.lejournalduforkane.com\/index.php\/wp-json\/wp\/v2\/tags?post=26183"}],"curies":[{"name":"wp","href":"https:\/\/api.w.org\/{rel}","templated":true}]}}