
{"id":26200,"date":"2021-04-04T14:03:40","date_gmt":"2021-04-04T14:03:40","guid":{"rendered":"https:\/\/www.lejournalduforkane.com\/?p=26200"},"modified":"2022-07-18T11:26:37","modified_gmt":"2022-07-18T11:26:37","slug":"new-post-le-don-de-satan","status":"publish","type":"post","link":"https:\/\/www.lejournalduforkane.com\/index.php\/new-post-le-don-de-satan\/","title":{"rendered":"Le don de Satan"},"content":{"rendered":"<p>Le gaz trouv\u00e9 dans les eaux isra\u00e9liennes (libanaise ?) sera une raison de plus pour la guerre.<\/p>\n<p>D\u00e9j\u00e0, le d\u00e9coupage avec le Liban est suspect. Bien avant les travaux, des arabes et autres se positionnent officiellement pour acheter le gaz de \u00ab\u00a0l\u2019ami retrouv\u00e9 isra\u00e9lien\u00a0\u00bb comme la Turquie et l\u2019Egypte.<span style=\"font-size: inherit;\">La Jordanie signe un accord de 10 milliards de dollars. <\/span><\/p>\n<p><span style=\"font-size: inherit;\">Le \u00ab\u00a0gaz isra\u00e9lien\u00a0\u00bb inondera l\u2019Europe \u00e0 partir de 2 canaux : d\u2019un c\u00f4t\u00e9, Chypre puis la Gr\u00e8ce ; de l\u2019autre, l\u2019Italie. En plus de ce qu\u2019il se procure sans d\u00e9bourser le moindre shekel, Isra\u00ebl avec ses nouvelles finances, bouleversera la donne au Moyen-Orient jusqu\u2019au Pakistan. <\/span><\/p>\n<p style=\"text-align: center;\"><strong><span style=\"font-size: inherit;\">Le p\u00e9trole arabe ou isra\u00e9lien, Al-Mahdi le rendra inutile. Ils n\u2019auront plus le temps d\u2019en profiter.<\/span><\/strong><\/p>\n\n\n<div class=\"wp-block-image\"><figure class=\"aligncenter size-large\"><img loading=\"lazy\" width=\"945\" height=\"445\" src=\"https:\/\/www.lejournalduforkane.com\/wp-content\/uploads\/2021\/04\/gazoduc-945x445-1.jpg\" alt=\"\" class=\"wp-image-26201\" srcset=\"https:\/\/www.lejournalduforkane.com\/wp-content\/uploads\/2021\/04\/gazoduc-945x445-1.jpg 945w, https:\/\/www.lejournalduforkane.com\/wp-content\/uploads\/2021\/04\/gazoduc-945x445-1-300x141.jpg 300w, https:\/\/www.lejournalduforkane.com\/wp-content\/uploads\/2021\/04\/gazoduc-945x445-1-768x362.jpg 768w\" sizes=\"(max-width: 945px) 100vw, 945px\" \/><\/figure><\/div>\n","protected":false},"excerpt":{"rendered":"<p>Le gaz trouv\u00e9 dans les eaux isra\u00e9liennes (libanaise ?) sera une raison de plus pour la guerre. D\u00e9j\u00e0, le d\u00e9coupage avec le Liban est suspect. Bien avant les travaux, des<\/p>\n","protected":false},"author":2,"featured_media":26201,"comment_status":"closed","ping_status":"open","sticky":false,"template":"","format":"standard","meta":[],"categories":[],"tags":[],"_links":{"self":[{"href":"https:\/\/www.lejournalduforkane.com\/index.php\/wp-json\/wp\/v2\/posts\/26200"}],"collection":[{"href":"https:\/\/www.lejournalduforkane.com\/index.php\/wp-json\/wp\/v2\/posts"}],"about":[{"href":"https:\/\/www.lejournalduforkane.com\/index.php\/wp-json\/wp\/v2\/types\/post"}],"author":[{"embeddable":true,"href":"https:\/\/www.lejournalduforkane.com\/index.php\/wp-json\/wp\/v2\/users\/2"}],"replies":[{"embeddable":true,"href":"https:\/\/www.lejournalduforkane.com\/index.php\/wp-json\/wp\/v2\/comments?post=26200"}],"version-history":[{"count":2,"href":"https:\/\/www.lejournalduforkane.com\/index.php\/wp-json\/wp\/v2\/posts\/26200\/revisions"}],"predecessor-version":[{"id":28862,"href":"https:\/\/www.lejournalduforkane.com\/index.php\/wp-json\/wp\/v2\/posts\/26200\/revisions\/28862"}],"wp:featuredmedia":[{"embeddable":true,"href":"https:\/\/www.lejournalduforkane.com\/index.php\/wp-json\/wp\/v2\/media\/26201"}],"wp:attachment":[{"href":"https:\/\/www.lejournalduforkane.com\/index.php\/wp-json\/wp\/v2\/media?parent=26200"}],"wp:term":[{"taxonomy":"category","embeddable":true,"href":"https:\/\/www.lejournalduforkane.com\/index.php\/wp-json\/wp\/v2\/categories?post=26200"},{"taxonomy":"post_tag","embeddable":true,"href":"https:\/\/www.lejournalduforkane.com\/index.php\/wp-json\/wp\/v2\/tags?post=26200"}],"curies":[{"name":"wp","href":"https:\/\/api.w.org\/{rel}","templated":true}]}}