
{"id":26261,"date":"2021-04-11T18:55:46","date_gmt":"2021-04-11T18:55:46","guid":{"rendered":"https:\/\/www.lejournalduforkane.com\/?p=26261"},"modified":"2022-07-18T11:25:48","modified_gmt":"2022-07-18T11:25:48","slug":"new-post-joubeir-un-exemple-des-hypocrisies-saoudienne","status":"publish","type":"post","link":"https:\/\/www.lejournalduforkane.com\/index.php\/new-post-joubeir-un-exemple-des-hypocrisies-saoudienne\/","title":{"rendered":"Joube\u00efr, un exemple des hypocrisies saoudienne"},"content":{"rendered":"<p>Le Ministre des Affaires \u00e9trang\u00e8res dit tout et son contraire. Sur le Y\u00e9men :<img loading=\"lazy\" class=\"wp-image-26262 alignright\" src=\"https:\/\/www.lejournalduforkane.com\/wp-content\/uploads\/2021\/04\/jubeir.png\" alt=\"\" width=\"214\" height=\"120\" srcset=\"https:\/\/www.lejournalduforkane.com\/wp-content\/uploads\/2021\/04\/jubeir.png 635w, https:\/\/www.lejournalduforkane.com\/wp-content\/uploads\/2021\/04\/jubeir-300x169.png 300w\" sizes=\"(max-width: 214px) 100vw, 214px\" \/> \u00ab Nous sommes pr\u00eats \u00e0 discuter avec tous les partis en conflit et les Houthis sont Y\u00e9menites. Vous vous retirez des parties prises \u00e0 la fronti\u00e8re commune m\u00eame si les bombardements continuent. Et cela n\u2019est pas n\u00e9gociable \u00bb.<\/p>\n<p>Sur le blocus meurtrier, il improvise : \u00ab Le port d\u2019Hode\u00efda est ouvert et l\u2019ennemi accapare l\u2019aide humanitaire. De m\u00eame, l\u2019a\u00e9roport de Sanaa est ouvert \u00e0 l\u2019aide humanitaire \u00bb. Sur le blocus inflig\u00e9 au Qatar, devant le Ministre des Affaires \u00e9trang\u00e8re US et les journalistes, il d\u00e9clare : \u00ab Il y a la libre circulation entre l\u2019Arabie et le Qatar. Et m\u00eame, nous leur venons en aide \u00bb. Apr\u00e8s le discours de l\u2019Emir de l\u2019Etat du Qatar, il dit : \u00ab il faut \u00eatre s\u00e9rieux et le Qatar n\u2019est pas s\u00e9rieux \u00bb.<\/p>\n<p>Lorsque Hariri revient sur sa d\u00e9mission, il affirme que l\u2019argent du Hezbollah circule dans le syst\u00e8me financier libanais pour provoquer des sanctions. Des affirmations sans preuve sans toujours avoir les moyens de pression. Elles se retournent contre les p\u00e9trodollars saoudiens. L\u2019exemple du Qatar n\u2019est pas loin. C\u2019est la bassesse et la diplomatie du mensonge assum\u00e9es.<\/p>\n<p>Il vend son \u00e2me au diable et Al-Mahdi lui r\u00e9serve le m\u00eame sort que celui de son pays et des Saouds.<\/p>\n","protected":false},"excerpt":{"rendered":"<p>Le Ministre des Affaires \u00e9trang\u00e8res dit tout et son contraire. Sur le Y\u00e9men : \u00ab Nous sommes pr\u00eats \u00e0 discuter avec tous les partis en conflit et les Houthis sont<\/p>\n","protected":false},"author":2,"featured_media":26262,"comment_status":"closed","ping_status":"open","sticky":false,"template":"","format":"standard","meta":[],"categories":[],"tags":[],"_links":{"self":[{"href":"https:\/\/www.lejournalduforkane.com\/index.php\/wp-json\/wp\/v2\/posts\/26261"}],"collection":[{"href":"https:\/\/www.lejournalduforkane.com\/index.php\/wp-json\/wp\/v2\/posts"}],"about":[{"href":"https:\/\/www.lejournalduforkane.com\/index.php\/wp-json\/wp\/v2\/types\/post"}],"author":[{"embeddable":true,"href":"https:\/\/www.lejournalduforkane.com\/index.php\/wp-json\/wp\/v2\/users\/2"}],"replies":[{"embeddable":true,"href":"https:\/\/www.lejournalduforkane.com\/index.php\/wp-json\/wp\/v2\/comments?post=26261"}],"version-history":[{"count":3,"href":"https:\/\/www.lejournalduforkane.com\/index.php\/wp-json\/wp\/v2\/posts\/26261\/revisions"}],"predecessor-version":[{"id":28860,"href":"https:\/\/www.lejournalduforkane.com\/index.php\/wp-json\/wp\/v2\/posts\/26261\/revisions\/28860"}],"wp:featuredmedia":[{"embeddable":true,"href":"https:\/\/www.lejournalduforkane.com\/index.php\/wp-json\/wp\/v2\/media\/26262"}],"wp:attachment":[{"href":"https:\/\/www.lejournalduforkane.com\/index.php\/wp-json\/wp\/v2\/media?parent=26261"}],"wp:term":[{"taxonomy":"category","embeddable":true,"href":"https:\/\/www.lejournalduforkane.com\/index.php\/wp-json\/wp\/v2\/categories?post=26261"},{"taxonomy":"post_tag","embeddable":true,"href":"https:\/\/www.lejournalduforkane.com\/index.php\/wp-json\/wp\/v2\/tags?post=26261"}],"curies":[{"name":"wp","href":"https:\/\/api.w.org\/{rel}","templated":true}]}}