
{"id":26320,"date":"2021-04-21T17:50:25","date_gmt":"2021-04-21T17:50:25","guid":{"rendered":"https:\/\/www.lejournalduforkane.com\/?p=26320"},"modified":"2022-07-18T11:25:33","modified_gmt":"2022-07-18T11:25:33","slug":"new-post-la-sioniste-haineuse-des-arabes-et-des-musulmans-elisabeth-levy-deplore-que-dans-les-quartiers-populaires-il-y-a-trop-de-tetes-darabe","status":"publish","type":"post","link":"https:\/\/www.lejournalduforkane.com\/index.php\/new-post-la-sioniste-haineuse-des-arabes-et-des-musulmans-elisabeth-levy-deplore-que-dans-les-quartiers-populaires-il-y-a-trop-de-tetes-darabe\/","title":{"rendered":"La sioniste haineuse des Arabes et des Musulmans, Elisabeth L\u00e9vy d\u00e9plore que dans les quartiers populaires il y a trop de \u00ab t\u00eates d\u2019arabe \u00bb"},"content":{"rendered":"<p>Chronique d\u2019un racisme ordinaire \u00e0 la t\u00e9l\u00e9vision fran\u00e7aise avec comme toujours la<img loading=\"lazy\" class=\"wp-image-26322 alignright\" src=\"https:\/\/www.lejournalduforkane.com\/wp-content\/uploads\/2021\/04\/plus-de-pierre-dans-les-quartiers.jpeg\" alt=\"\" width=\"253\" height=\"143\" srcset=\"https:\/\/www.lejournalduforkane.com\/wp-content\/uploads\/2021\/04\/plus-de-pierre-dans-les-quartiers.jpeg 1120w, https:\/\/www.lejournalduforkane.com\/wp-content\/uploads\/2021\/04\/plus-de-pierre-dans-les-quartiers-300x168.jpeg 300w, https:\/\/www.lejournalduforkane.com\/wp-content\/uploads\/2021\/04\/plus-de-pierre-dans-les-quartiers-1024x575.jpeg 1024w, https:\/\/www.lejournalduforkane.com\/wp-content\/uploads\/2021\/04\/plus-de-pierre-dans-les-quartiers-768x431.jpeg 768w\" sizes=\"(max-width: 253px) 100vw, 253px\" \/>\u00a0cha\u00eene Cnews \u00e0 l\u2019avant-garde qui passe son temps \u00e0 taper sur les Arabes et les Musulmans de France.<\/p>\n<p>Ils se permettent de cracher tous les jours que Dieu fait sur les Arabes et les Musulmans sans que personne ne s\u2019\u00e9meuve. Si les m\u00eames propos \u00e9taient tenus \u00e0 l\u2019encontre des juifs, cette m\u00eame Elisabeth Levy crierait au scandale et \u00e0 l\u2019antis\u00e9mitisme.<\/p>\n<p>Ils poussent les Fran\u00e7ais \u00e0 attaquer les Arabes et les Musulmans de France et promeuvent une guerre civile. C\u2019est un jeu dangereux !<\/p>\n<p>Soyons donc vigilants en d\u00e9non\u00e7ant cette politique qui, gr\u00e2ce au Mahdi et \u00e0 J\u00e9sus, ne passera pas.<\/p>\n","protected":false},"excerpt":{"rendered":"<p>Chronique d\u2019un racisme ordinaire \u00e0 la t\u00e9l\u00e9vision fran\u00e7aise avec comme toujours la\u00a0cha\u00eene Cnews \u00e0 l\u2019avant-garde qui passe son temps \u00e0 taper sur les Arabes et les Musulmans de France. Ils<\/p>\n","protected":false},"author":2,"featured_media":26322,"comment_status":"closed","ping_status":"open","sticky":false,"template":"","format":"standard","meta":[],"categories":[],"tags":[],"_links":{"self":[{"href":"https:\/\/www.lejournalduforkane.com\/index.php\/wp-json\/wp\/v2\/posts\/26320"}],"collection":[{"href":"https:\/\/www.lejournalduforkane.com\/index.php\/wp-json\/wp\/v2\/posts"}],"about":[{"href":"https:\/\/www.lejournalduforkane.com\/index.php\/wp-json\/wp\/v2\/types\/post"}],"author":[{"embeddable":true,"href":"https:\/\/www.lejournalduforkane.com\/index.php\/wp-json\/wp\/v2\/users\/2"}],"replies":[{"embeddable":true,"href":"https:\/\/www.lejournalduforkane.com\/index.php\/wp-json\/wp\/v2\/comments?post=26320"}],"version-history":[{"count":2,"href":"https:\/\/www.lejournalduforkane.com\/index.php\/wp-json\/wp\/v2\/posts\/26320\/revisions"}],"predecessor-version":[{"id":28858,"href":"https:\/\/www.lejournalduforkane.com\/index.php\/wp-json\/wp\/v2\/posts\/26320\/revisions\/28858"}],"wp:featuredmedia":[{"embeddable":true,"href":"https:\/\/www.lejournalduforkane.com\/index.php\/wp-json\/wp\/v2\/media\/26322"}],"wp:attachment":[{"href":"https:\/\/www.lejournalduforkane.com\/index.php\/wp-json\/wp\/v2\/media?parent=26320"}],"wp:term":[{"taxonomy":"category","embeddable":true,"href":"https:\/\/www.lejournalduforkane.com\/index.php\/wp-json\/wp\/v2\/categories?post=26320"},{"taxonomy":"post_tag","embeddable":true,"href":"https:\/\/www.lejournalduforkane.com\/index.php\/wp-json\/wp\/v2\/tags?post=26320"}],"curies":[{"name":"wp","href":"https:\/\/api.w.org\/{rel}","templated":true}]}}