
{"id":26384,"date":"2021-05-01T12:28:58","date_gmt":"2021-05-01T12:28:58","guid":{"rendered":"https:\/\/www.lejournalduforkane.com\/?p=26384"},"modified":"2022-07-18T11:25:17","modified_gmt":"2022-07-18T11:25:17","slug":"new-post-la-france-au-liban-entre-arrogance-et-servilite","status":"publish","type":"post","link":"https:\/\/www.lejournalduforkane.com\/index.php\/new-post-la-france-au-liban-entre-arrogance-et-servilite\/","title":{"rendered":"La France au Liban, entre arrogance et servilit\u00e9."},"content":{"rendered":"<p>A l&rsquo;ext\u00e9rieur, la France ne compte pour rien alors elle s&rsquo;acharne l&rsquo;int\u00e9rieur de ses fronti\u00e8res<img loading=\"lazy\" class=\"wp-image-26385 alignright\" src=\"https:\/\/www.lejournalduforkane.com\/wp-content\/uploads\/2021\/05\/La-France-au-Liban-entre-arrogance-et-servilite..jpg\" alt=\"\" width=\"264\" height=\"176\" srcset=\"https:\/\/www.lejournalduforkane.com\/wp-content\/uploads\/2021\/05\/La-France-au-Liban-entre-arrogance-et-servilite..jpg 2000w, https:\/\/www.lejournalduforkane.com\/wp-content\/uploads\/2021\/05\/La-France-au-Liban-entre-arrogance-et-servilite.-300x200.jpg 300w, https:\/\/www.lejournalduforkane.com\/wp-content\/uploads\/2021\/05\/La-France-au-Liban-entre-arrogance-et-servilite.-1024x682.jpg 1024w, https:\/\/www.lejournalduforkane.com\/wp-content\/uploads\/2021\/05\/La-France-au-Liban-entre-arrogance-et-servilite.-768x512.jpg 768w, https:\/\/www.lejournalduforkane.com\/wp-content\/uploads\/2021\/05\/La-France-au-Liban-entre-arrogance-et-servilite.-1536x1024.jpg 1536w\" sizes=\"(max-width: 264px) 100vw, 264px\" \/> contre les Arabes et les Musulmans. Signe du parfait Injuste&#8230;<\/p>\n<p>La France aujourd&rsquo;hui, c&rsquo;est comme la vieille dame s\u00e9nile que plus personne ne peut supporter, dont tous le monde se moque et que personne n&rsquo;\u00e9coute.<\/p>\n<p>Le cas le plus embl\u00e9matique est celui du Liban. Cette semaine le ministre des AE s&rsquo;y croit\u300a Paris a commenc\u00e9 \u00e0 mettre en \u0153uvre des mesures restrictives en mati\u00e8re d\u2019acc\u00e8s au territoire fran\u00e7ais \u00e0 l\u2019encontre de personnalit\u00e9s libanaises \u300b accus\u00e9es d\u2019\u00eatre impliqu\u00e9es dans la corruption ou le blocage politique au Liban.<\/p>\n<p>Ce sont en fait toutes les personnes li\u00e9es \u00e0 la R\u00e9sistance contre Isra\u00ebl qui sont vis\u00e9es par ces d\u00e9clarations dont tout le monde se fiche.<\/p>\n<p>C&rsquo;est l&rsquo;arrogance et les derniers relents du colonialisme et du racisme de ces politiciens fran\u00e7ais corrompus qui pensent vraiment que la R\u00e9sistance va baisser les bras face \u00e0 ses pitoyables menaces. La R\u00e9sistance du Liban tient t\u00eate et fait trembler Isra\u00ebl et l&rsquo;Am\u00e9rique, qu&rsquo;a-t-elle \u00e0 craindre de la France ? C&rsquo;est que la France veut \u00eatre plus royaliste que le roi et fait plus que ce qu&rsquo;Isra\u00ebl lui demande. En pure perte&#8230;<\/p>\n<p>La France s&rsquo;effondre dans la corruption de ses \u00e9lites et c&rsquo;est Al-Mahdi et ses partisans la lib\u00e9rera le peuple du joug de ces injustes.<\/p>\n","protected":false},"excerpt":{"rendered":"<p>A l&rsquo;ext\u00e9rieur, la France ne compte pour rien alors elle s&rsquo;acharne l&rsquo;int\u00e9rieur de ses fronti\u00e8res contre les Arabes et les Musulmans. Signe du parfait Injuste&#8230; La France aujourd&rsquo;hui, c&rsquo;est comme<\/p>\n","protected":false},"author":2,"featured_media":26385,"comment_status":"closed","ping_status":"open","sticky":false,"template":"","format":"standard","meta":[],"categories":[],"tags":[],"_links":{"self":[{"href":"https:\/\/www.lejournalduforkane.com\/index.php\/wp-json\/wp\/v2\/posts\/26384"}],"collection":[{"href":"https:\/\/www.lejournalduforkane.com\/index.php\/wp-json\/wp\/v2\/posts"}],"about":[{"href":"https:\/\/www.lejournalduforkane.com\/index.php\/wp-json\/wp\/v2\/types\/post"}],"author":[{"embeddable":true,"href":"https:\/\/www.lejournalduforkane.com\/index.php\/wp-json\/wp\/v2\/users\/2"}],"replies":[{"embeddable":true,"href":"https:\/\/www.lejournalduforkane.com\/index.php\/wp-json\/wp\/v2\/comments?post=26384"}],"version-history":[{"count":2,"href":"https:\/\/www.lejournalduforkane.com\/index.php\/wp-json\/wp\/v2\/posts\/26384\/revisions"}],"predecessor-version":[{"id":28856,"href":"https:\/\/www.lejournalduforkane.com\/index.php\/wp-json\/wp\/v2\/posts\/26384\/revisions\/28856"}],"wp:featuredmedia":[{"embeddable":true,"href":"https:\/\/www.lejournalduforkane.com\/index.php\/wp-json\/wp\/v2\/media\/26385"}],"wp:attachment":[{"href":"https:\/\/www.lejournalduforkane.com\/index.php\/wp-json\/wp\/v2\/media?parent=26384"}],"wp:term":[{"taxonomy":"category","embeddable":true,"href":"https:\/\/www.lejournalduforkane.com\/index.php\/wp-json\/wp\/v2\/categories?post=26384"},{"taxonomy":"post_tag","embeddable":true,"href":"https:\/\/www.lejournalduforkane.com\/index.php\/wp-json\/wp\/v2\/tags?post=26384"}],"curies":[{"name":"wp","href":"https:\/\/api.w.org\/{rel}","templated":true}]}}