
{"id":26397,"date":"2021-05-03T17:17:00","date_gmt":"2021-05-03T17:17:00","guid":{"rendered":"https:\/\/www.lejournalduforkane.com\/?p=26397"},"modified":"2021-05-05T17:21:36","modified_gmt":"2021-05-05T17:21:36","slug":"voila-ce-qui-se-passe-a-jerusalem-des-colons-extremistes-juifs-se-dirigeant-vers-bab-el-amoud-avec-lintention-de-mener-des-attaques-contre-les-palestiniens","status":"publish","type":"post","link":"https:\/\/www.lejournalduforkane.com\/index.php\/voila-ce-qui-se-passe-a-jerusalem-des-colons-extremistes-juifs-se-dirigeant-vers-bab-el-amoud-avec-lintention-de-mener-des-attaques-contre-les-palestiniens\/","title":{"rendered":"Voil\u00e0 ce qui se passe \u00e0 J\u00e9rusalem : des colons extr\u00e9mistes juifs se dirigeant vers Bab El Amoud avec l&rsquo;intention de mener des attaques contre les Palestiniens."},"content":{"rendered":"<div class=\"\" dir=\"auto\">\n<div id=\"jsc_c_ne\" class=\"ecm0bbzt hv4rvrfc ihqw7lf3 dati1w0a\" data-ad-comet-preview=\"message\" data-ad-preview=\"message\">\n<div class=\"j83agx80 cbu4d94t ew0dbk1b irj2b8pg\">\n<div class=\"qzhwtbm6 knvmm38d\">\n<div class=\"kvgmc6g5 cxmmr5t8 oygrvhab hcukyx3x c1et5uql ii04i59q\">\n<div dir=\"auto\">Voil\u00e0 ce qui se passe \u00e0 J\u00e9rusalem : des colons extr\u00e9mistes juifs se dirigeant vers Bab El Amoud avec l&rsquo;intention de mener des attaques contre les Palestiniens.<\/div>\n<\/div>\n<\/div>\n<\/div>\n<\/div>\n<\/div>\n<div id=\"jsc_c_nf\" class=\"l9j0dhe7\">\n<div class=\"l9j0dhe7\">\n<div>\n<div class=\"l9j0dhe7 stjgntxs ni8dbmo4 cbu4d94t j83agx80\">\n<div class=\"l9j0dhe7 stjgntxs ni8dbmo4\">\n<div class=\"l9j0dhe7\">\n<div class=\"bp9cbjyn cwj9ozl2 j83agx80 cbu4d94t ni8dbmo4 stjgntxs l9j0dhe7 k4urcfbm\">\n<div>\n<div class=\"do00u71z ni8dbmo4 stjgntxs l9j0dhe7\"><\/div>\n<\/div>\n<\/div>\n<\/div>\n<\/div>\n<\/div>\n<\/div>\n<\/div>\n<\/div>\n<div style=\"width: 640px;\" class=\"wp-video\"><!--[if lt IE 9]><script>document.createElement('video');<\/script><![endif]-->\n<video class=\"wp-video-shortcode\" id=\"video-26397-1\" width=\"640\" height=\"352\" preload=\"metadata\" controls=\"controls\"><source type=\"video\/mp4\" src=\"https:\/\/www.lejournalduforkane.com\/wp-content\/uploads\/2021\/05\/46309103_479700926782135_9125176542181074586_n.mp4?_=1\" \/><a href=\"https:\/\/www.lejournalduforkane.com\/wp-content\/uploads\/2021\/05\/46309103_479700926782135_9125176542181074586_n.mp4\">https:\/\/www.lejournalduforkane.com\/wp-content\/uploads\/2021\/05\/46309103_479700926782135_9125176542181074586_n.mp4<\/a><\/video><\/div>\n","protected":false},"excerpt":{"rendered":"<p>Voil\u00e0 ce qui se passe \u00e0 J\u00e9rusalem : des colons extr\u00e9mistes juifs se dirigeant vers Bab El Amoud avec l&rsquo;intention de mener des attaques contre les Palestiniens. [video width=\u00a0\u00bb640&Prime; height=\u00a0\u00bb352&Prime;<\/p>\n","protected":false},"author":2,"featured_media":26399,"comment_status":"closed","ping_status":"open","sticky":false,"template":"","format":"standard","meta":[],"categories":[],"tags":[],"_links":{"self":[{"href":"https:\/\/www.lejournalduforkane.com\/index.php\/wp-json\/wp\/v2\/posts\/26397"}],"collection":[{"href":"https:\/\/www.lejournalduforkane.com\/index.php\/wp-json\/wp\/v2\/posts"}],"about":[{"href":"https:\/\/www.lejournalduforkane.com\/index.php\/wp-json\/wp\/v2\/types\/post"}],"author":[{"embeddable":true,"href":"https:\/\/www.lejournalduforkane.com\/index.php\/wp-json\/wp\/v2\/users\/2"}],"replies":[{"embeddable":true,"href":"https:\/\/www.lejournalduforkane.com\/index.php\/wp-json\/wp\/v2\/comments?post=26397"}],"version-history":[{"count":1,"href":"https:\/\/www.lejournalduforkane.com\/index.php\/wp-json\/wp\/v2\/posts\/26397\/revisions"}],"predecessor-version":[{"id":26400,"href":"https:\/\/www.lejournalduforkane.com\/index.php\/wp-json\/wp\/v2\/posts\/26397\/revisions\/26400"}],"wp:featuredmedia":[{"embeddable":true,"href":"https:\/\/www.lejournalduforkane.com\/index.php\/wp-json\/wp\/v2\/media\/26399"}],"wp:attachment":[{"href":"https:\/\/www.lejournalduforkane.com\/index.php\/wp-json\/wp\/v2\/media?parent=26397"}],"wp:term":[{"taxonomy":"category","embeddable":true,"href":"https:\/\/www.lejournalduforkane.com\/index.php\/wp-json\/wp\/v2\/categories?post=26397"},{"taxonomy":"post_tag","embeddable":true,"href":"https:\/\/www.lejournalduforkane.com\/index.php\/wp-json\/wp\/v2\/tags?post=26397"}],"curies":[{"name":"wp","href":"https:\/\/api.w.org\/{rel}","templated":true}]}}