
{"id":26401,"date":"2021-05-05T17:26:17","date_gmt":"2021-05-05T17:26:17","guid":{"rendered":"https:\/\/www.lejournalduforkane.com\/?p=26401"},"modified":"2022-07-18T11:25:10","modified_gmt":"2022-07-18T11:25:10","slug":"new-post-al-qods-jerusalem-restera-palestinienne","status":"publish","type":"post","link":"https:\/\/www.lejournalduforkane.com\/index.php\/new-post-al-qods-jerusalem-restera-palestinienne\/","title":{"rendered":"Al-Qods-J\u00e9rusalem restera Palestinienne"},"content":{"rendered":"<p>En 2021, les Palestiniens r\u00e9sistent encore et toujours face \u00e0 l&rsquo;envahisseur et ce, m\u00eame <img loading=\"lazy\" class=\"wp-image-26402 alignright\" src=\"https:\/\/www.lejournalduforkane.com\/wp-content\/uploads\/2021\/05\/Al-Qods-Jerusalem-restera-Palestinienne.jpg\" alt=\"\" width=\"272\" height=\"182\" srcset=\"https:\/\/www.lejournalduforkane.com\/wp-content\/uploads\/2021\/05\/Al-Qods-Jerusalem-restera-Palestinienne.jpg 500w, https:\/\/www.lejournalduforkane.com\/wp-content\/uploads\/2021\/05\/Al-Qods-Jerusalem-restera-Palestinienne-300x200.jpg 300w\" sizes=\"(max-width: 272px) 100vw, 272px\" \/>si les \u00c9tats arabes tra\u00eetres et maudits collaborent. Il ne faut pas l&rsquo;oublier, la Palestine est la m\u00e8re des batailles et nous devons tous \u00eatre solidaires avec les Palestiniens.<br \/>\nEn ce mois b\u00e9ni de Ramadan il faut ainsi saluer les habitants de la ville sainte d\u2019al-Qods (J\u00e9rusalem) qui font face aux forces d\u2019occupation isra\u00e9liennes depuis le d\u00e9but de ce mois sacr\u00e9.<\/p>\n<p>Les soldats isra\u00e9liens agressent sans cesse les Palestiniens en les emp\u00eachant d&rsquo;atteindre les lieux saints qui leur appartiennent \u00e0 eux et \u00e0 tous les Musulmans.<\/p>\n<p>Devant ce qui se passe \u00e0 Al-Qods, dans la bande de Gaza et en Cisjordanie, on ne peut que rendre hommage et exprimer tout notre respect et notre admiration devant le courage et la d\u00e9termination des Palestiniens, jeunes ou moins jeunes qui restent sur place et se d\u00e9fendent \u00e0 mains nus contre des soldats et des colons arm\u00e9s jusqu\u2019aux dents.<\/p>\n<p>Vive la Palestine ! Al-Mahdi et ses partisans viendront frapper ces criminels qui occupent ill\u00e9gitimement les lieux saints.<\/p>\n","protected":false},"excerpt":{"rendered":"<p>En 2021, les Palestiniens r\u00e9sistent encore et toujours face \u00e0 l&rsquo;envahisseur et ce, m\u00eame si les \u00c9tats arabes tra\u00eetres et maudits collaborent. Il ne faut pas l&rsquo;oublier, la Palestine est<\/p>\n","protected":false},"author":2,"featured_media":26402,"comment_status":"closed","ping_status":"open","sticky":false,"template":"","format":"standard","meta":[],"categories":[],"tags":[],"_links":{"self":[{"href":"https:\/\/www.lejournalduforkane.com\/index.php\/wp-json\/wp\/v2\/posts\/26401"}],"collection":[{"href":"https:\/\/www.lejournalduforkane.com\/index.php\/wp-json\/wp\/v2\/posts"}],"about":[{"href":"https:\/\/www.lejournalduforkane.com\/index.php\/wp-json\/wp\/v2\/types\/post"}],"author":[{"embeddable":true,"href":"https:\/\/www.lejournalduforkane.com\/index.php\/wp-json\/wp\/v2\/users\/2"}],"replies":[{"embeddable":true,"href":"https:\/\/www.lejournalduforkane.com\/index.php\/wp-json\/wp\/v2\/comments?post=26401"}],"version-history":[{"count":2,"href":"https:\/\/www.lejournalduforkane.com\/index.php\/wp-json\/wp\/v2\/posts\/26401\/revisions"}],"predecessor-version":[{"id":28855,"href":"https:\/\/www.lejournalduforkane.com\/index.php\/wp-json\/wp\/v2\/posts\/26401\/revisions\/28855"}],"wp:featuredmedia":[{"embeddable":true,"href":"https:\/\/www.lejournalduforkane.com\/index.php\/wp-json\/wp\/v2\/media\/26402"}],"wp:attachment":[{"href":"https:\/\/www.lejournalduforkane.com\/index.php\/wp-json\/wp\/v2\/media?parent=26401"}],"wp:term":[{"taxonomy":"category","embeddable":true,"href":"https:\/\/www.lejournalduforkane.com\/index.php\/wp-json\/wp\/v2\/categories?post=26401"},{"taxonomy":"post_tag","embeddable":true,"href":"https:\/\/www.lejournalduforkane.com\/index.php\/wp-json\/wp\/v2\/tags?post=26401"}],"curies":[{"name":"wp","href":"https:\/\/api.w.org\/{rel}","templated":true}]}}