
{"id":26441,"date":"2021-05-10T21:09:00","date_gmt":"2021-05-10T21:09:00","guid":{"rendered":"https:\/\/www.lejournalduforkane.com\/?p=26441"},"modified":"2021-05-10T21:29:45","modified_gmt":"2021-05-10T21:29:45","slug":"des-colons-israeliens-jubilent-alors-que-lesplanade-des-mosquee-est-en-feu-les-arbres-avoisinant-la-mosquee-al-aqsa-ayant-ete-incendies-par-les-forces-de-loccupation","status":"publish","type":"post","link":"https:\/\/www.lejournalduforkane.com\/index.php\/des-colons-israeliens-jubilent-alors-que-lesplanade-des-mosquee-est-en-feu-les-arbres-avoisinant-la-mosquee-al-aqsa-ayant-ete-incendies-par-les-forces-de-loccupation\/","title":{"rendered":"Des colons isra\u00e9liens jubilent alors que l&rsquo;esplanade des mosqu\u00e9e est en feu, les arbres avoisinant la mosqu\u00e9e Al-Aqsa ayant \u00e9t\u00e9 incendi\u00e9s par les forces de l&rsquo;occupation."},"content":{"rendered":"<p>Des colons isra\u00e9liens jubilent alors que l&rsquo;esplanade des mosqu\u00e9e est en feu, les arbres avoisinant la mosqu\u00e9e Al-Aqsa ayant \u00e9t\u00e9 incendi\u00e9s par les forces de l&rsquo;occupation.<\/p>\n<div style=\"width: 640px;\" class=\"wp-video\"><!--[if lt IE 9]><script>document.createElement('video');<\/script><![endif]-->\n<video class=\"wp-video-shortcode\" id=\"video-26441-1\" width=\"640\" height=\"352\" preload=\"metadata\" controls=\"controls\"><source type=\"video\/mp4\" src=\"https:\/\/www.lejournalduforkane.com\/wp-content\/uploads\/2021\/05\/52743020_471463263930158_6471486065911899025_n.mp4?_=1\" \/><a href=\"https:\/\/www.lejournalduforkane.com\/wp-content\/uploads\/2021\/05\/52743020_471463263930158_6471486065911899025_n.mp4\">https:\/\/www.lejournalduforkane.com\/wp-content\/uploads\/2021\/05\/52743020_471463263930158_6471486065911899025_n.mp4<\/a><\/video><\/div>\n","protected":false},"excerpt":{"rendered":"<p>Des colons isra\u00e9liens jubilent alors que l&rsquo;esplanade des mosqu\u00e9e est en feu, les arbres avoisinant la mosqu\u00e9e Al-Aqsa ayant \u00e9t\u00e9 incendi\u00e9s par les forces de l&rsquo;occupation. [video width=\u00a0\u00bb640&Prime; height=\u00a0\u00bb352&Prime; mp4=\u00a0\u00bbhttps:\/\/www.lejournalduforkane.com\/wp-content\/uploads\/2021\/05\/52743020_471463263930158_6471486065911899025_n.mp4&Prime;][\/video]<\/p>\n","protected":false},"author":2,"featured_media":26443,"comment_status":"closed","ping_status":"open","sticky":false,"template":"","format":"standard","meta":[],"categories":[],"tags":[],"_links":{"self":[{"href":"https:\/\/www.lejournalduforkane.com\/index.php\/wp-json\/wp\/v2\/posts\/26441"}],"collection":[{"href":"https:\/\/www.lejournalduforkane.com\/index.php\/wp-json\/wp\/v2\/posts"}],"about":[{"href":"https:\/\/www.lejournalduforkane.com\/index.php\/wp-json\/wp\/v2\/types\/post"}],"author":[{"embeddable":true,"href":"https:\/\/www.lejournalduforkane.com\/index.php\/wp-json\/wp\/v2\/users\/2"}],"replies":[{"embeddable":true,"href":"https:\/\/www.lejournalduforkane.com\/index.php\/wp-json\/wp\/v2\/comments?post=26441"}],"version-history":[{"count":1,"href":"https:\/\/www.lejournalduforkane.com\/index.php\/wp-json\/wp\/v2\/posts\/26441\/revisions"}],"predecessor-version":[{"id":26444,"href":"https:\/\/www.lejournalduforkane.com\/index.php\/wp-json\/wp\/v2\/posts\/26441\/revisions\/26444"}],"wp:featuredmedia":[{"embeddable":true,"href":"https:\/\/www.lejournalduforkane.com\/index.php\/wp-json\/wp\/v2\/media\/26443"}],"wp:attachment":[{"href":"https:\/\/www.lejournalduforkane.com\/index.php\/wp-json\/wp\/v2\/media?parent=26441"}],"wp:term":[{"taxonomy":"category","embeddable":true,"href":"https:\/\/www.lejournalduforkane.com\/index.php\/wp-json\/wp\/v2\/categories?post=26441"},{"taxonomy":"post_tag","embeddable":true,"href":"https:\/\/www.lejournalduforkane.com\/index.php\/wp-json\/wp\/v2\/tags?post=26441"}],"curies":[{"name":"wp","href":"https:\/\/api.w.org\/{rel}","templated":true}]}}